{"id":3678,"date":"2020-12-14T20:17:36","date_gmt":"2020-12-14T23:17:36","guid":{"rendered":"https:\/\/www.ufsm.br\/orgaos-executivos\/caed\/?p=3678"},"modified":"2020-12-14T20:17:38","modified_gmt":"2020-12-14T23:17:38","slug":"edital-004-2020-selecao-de-bolsistas-de-pos-graduacao-para-o-projeto-redes-de-aprendizagem-da-caed","status":"publish","type":"post","link":"https:\/\/www.ufsm.br\/pro-reitorias\/prograd\/caed\/2020\/12\/14\/edital-004-2020-selecao-de-bolsistas-de-pos-graduacao-para-o-projeto-redes-de-aprendizagem-da-caed","title":{"rendered":"EDITAL 004\/2020 &#8211; SELE\u00c7\u00c3O DE BOLSISTAS DE P\u00d3S-GRADUA\u00c7\u00c3O PARA O PROJETO REDES DE APRENDIZAGEM DA CAEd"},"content":{"rendered":"\n<p>A Universidade Federal de Santa Maria(UFSM)\/Coordenadoria de A\u00e7\u00f5es Educacionais(CAEd) divulga o Edital 004\/2020, para sele\u00e7\u00e3o de bolsistas do projeto Redes de Aprendizagem.\u00a0<\/p>\n<p><strong>As inscri\u00e7\u00f5es ser\u00e3o de 07 a 15 de dezembro de 2020.\u00a0<\/strong><\/p>\n<p><a href=\"https:\/\/www.ufsm.br\/app\/uploads\/sites\/391\/2020\/12\/EDITAL-04-2020-CAEd-1.pdf\">EDITAL 04 2020 CAEd<\/a><\/p>\n<p>\u00a0<\/p>\n","protected":false},"excerpt":{"rendered":"<p>A Universidade Federal de Santa Maria(UFSM)\/Coordenadoria de A\u00e7\u00f5es Educacionais(CAEd) divulga o Edital 004\/2020, para sele\u00e7\u00e3o de bolsistas do projeto Redes de Aprendizagem.\u00a0 As inscri\u00e7\u00f5es ser\u00e3o de 07 a 15 de dezembro de 2020.\u00a0 EDITAL 04 2020 CAEd \u00a0<\/p>\n","protected":false},"author":252,"featured_media":0,"comment_status":"closed","ping_status":"closed","sticky":false,"template":"","format":"standard","meta":{"footnotes":""},"categories":[1],"tags":[],"class_list":["post-3678","post","type-post","status-publish","format-standard","hentry","category-sem-categoria"],"acf":[],"_links":{"self":[{"href":"https:\/\/www.ufsm.br\/pro-reitorias\/prograd\/caed\/wp-json\/wp\/v2\/posts\/3678","targetHints":{"allow":["GET"]}}],"collection":[{"href":"https:\/\/www.ufsm.br\/pro-reitorias\/prograd\/caed\/wp-json\/wp\/v2\/posts"}],"about":[{"href":"https:\/\/www.ufsm.br\/pro-reitorias\/prograd\/caed\/wp-json\/wp\/v2\/types\/post"}],"author":[{"embeddable":true,"href":"https:\/\/www.ufsm.br\/pro-reitorias\/prograd\/caed\/wp-json\/wp\/v2\/users\/252"}],"replies":[{"embeddable":true,"href":"https:\/\/www.ufsm.br\/pro-reitorias\/prograd\/caed\/wp-json\/wp\/v2\/comments?post=3678"}],"version-history":[{"count":0,"href":"https:\/\/www.ufsm.br\/pro-reitorias\/prograd\/caed\/wp-json\/wp\/v2\/posts\/3678\/revisions"}],"wp:attachment":[{"href":"https:\/\/www.ufsm.br\/pro-reitorias\/prograd\/caed\/wp-json\/wp\/v2\/media?parent=3678"}],"wp:term":[{"taxonomy":"category","embeddable":true,"href":"https:\/\/www.ufsm.br\/pro-reitorias\/prograd\/caed\/wp-json\/wp\/v2\/categories?post=3678"},{"taxonomy":"post_tag","embeddable":true,"href":"https:\/\/www.ufsm.br\/pro-reitorias\/prograd\/caed\/wp-json\/wp\/v2\/tags?post=3678"}],"curies":[{"name":"wp","href":"https:\/\/api.w.org\/{rel}","templated":true}]}}