{"id":3679,"date":"2020-12-14T20:18:55","date_gmt":"2020-12-14T23:18:55","guid":{"rendered":"https:\/\/www.ufsm.br\/orgaos-executivos\/caed\/?p=3679"},"modified":"2020-12-14T20:18:56","modified_gmt":"2020-12-14T23:18:56","slug":"live-movimento-negro-diversidade-e-multiculturalismo-com-o-professor-mestre-pedro-ivo-silva-ifb","status":"publish","type":"post","link":"https:\/\/www.ufsm.br\/pro-reitorias\/prograd\/caed\/2020\/12\/14\/live-movimento-negro-diversidade-e-multiculturalismo-com-o-professor-mestre-pedro-ivo-silva-ifb","title":{"rendered":"Live: Movimento Negro, Diversidade e Multiculturalismo, com o Professor Mestre Pedro Ivo Silva (IFB)"},"content":{"rendered":"\n<p>A Universidade Federal de Santa Maria(UFSM)\/Coordenadoria de A\u00e7\u00f5es Educacionais(CAEd) soma-se \u00e1 divulga\u00e7\u00e3o da live Movimento Negro, Diversidade e Multiculturalismo, com o Professor Mestre Pedro Ivo Silva (IFB), que ocorrer\u00e1 no dia\u00a0<strong>08 de dezembro de 2020, das 19h00min \u00e0s 21h00min<\/strong><\/p>\n<p>\u201cA disciplina\u00a0<strong>Direitos\u00a0Humanos, Cidadania e Diversidades<\/strong>, parte integrante do eixo de forma\u00e7\u00e3o comum da Universidade Federal da Grande Dourados (UFGD), na turma atualmente ofertada pelo docente Giovani Bezerra, na Faculdade de Educa\u00e7\u00e3o (FAED),\u00a0\u00a0no m\u00f3dulo IV do RAE\/CAE, promover\u00e1\u00a0<em>live<\/em>\u00a0com o tema:\u00a0<em>Movimento Negro, Diversidade e Multiculturalismo<\/em>. O convidado \u00e9 o professor Me. Pedro Ivo Silva, do Instituto Federal de Bras\u00edlia (IFB), pesquisador sobre diversidade e negritude. Entendendo que a atividade possa interessar a estudiosos das rela\u00e7\u00f5es \u00e9tnico-raciais,\u00a0Direitos\u00a0Humanos, cidadania, multiculturalismo e diversidades, estendemos o convite \u00e0 comunidade acad\u00eamica da UFGD, sejam docentes, servidores t\u00e9cnico-administrativos e discentes, bem como ao p\u00fablico em geral interessado na tem\u00e1tica. A\u00a0<em>live<\/em>\u00a0ser\u00e1 no dia\u00a0<strong>08\/12\/2020<\/strong>, das\u00a0<strong>19h \u00e0s 21h\u00a0<\/strong>(hor\u00e1rio local), pelo seguinte linK:\u00a0<a href=\"https:\/\/www.youtube.com\/watch?reload=9&amp;v=zeQkzbd4C2U\">https:\/\/www.youtube.com\/watch?reload=9&amp;v=zeQkzbd4C2U<\/a>. Como se trata de uma atividade pedag\u00f3gica e integrante de disciplina, n\u00e3o se configurando em um evento espec\u00edfico, n\u00e3o haver\u00e1 certifica\u00e7\u00e3o. Entendemos, por\u00e9m, que, pela relev\u00e2ncia do assunto e por seu teor (in)formativo, haver\u00e1 interesse da comunidade na participa\u00e7\u00e3o e divulga\u00e7\u00e3o desta, pelo que, antecipadamente, agradecemos\u201d.\u00a0 \u00a0<\/p>\n","protected":false},"excerpt":{"rendered":"<p>A Universidade Federal de Santa Maria(UFSM)\/Coordenadoria de A\u00e7\u00f5es Educacionais(CAEd) soma-se \u00e1 divulga\u00e7\u00e3o da live Movimento Negro, Diversidade e Multiculturalismo, com o Professor Mestre Pedro Ivo Silva (IFB), que ocorrer\u00e1 no dia\u00a008 de dezembro de 2020, das 19h00min \u00e0s 21h00min \u201cA disciplina\u00a0Direitos\u00a0Humanos, Cidadania e Diversidades, parte integrante do eixo de forma\u00e7\u00e3o comum da Universidade Federal da [&hellip;]<\/p>\n","protected":false},"author":252,"featured_media":0,"comment_status":"closed","ping_status":"closed","sticky":false,"template":"","format":"standard","meta":{"footnotes":""},"categories":[1],"tags":[],"class_list":["post-3679","post","type-post","status-publish","format-standard","hentry","category-sem-categoria"],"acf":[],"_links":{"self":[{"href":"https:\/\/www.ufsm.br\/pro-reitorias\/prograd\/caed\/wp-json\/wp\/v2\/posts\/3679","targetHints":{"allow":["GET"]}}],"collection":[{"href":"https:\/\/www.ufsm.br\/pro-reitorias\/prograd\/caed\/wp-json\/wp\/v2\/posts"}],"about":[{"href":"https:\/\/www.ufsm.br\/pro-reitorias\/prograd\/caed\/wp-json\/wp\/v2\/types\/post"}],"author":[{"embeddable":true,"href":"https:\/\/www.ufsm.br\/pro-reitorias\/prograd\/caed\/wp-json\/wp\/v2\/users\/252"}],"replies":[{"embeddable":true,"href":"https:\/\/www.ufsm.br\/pro-reitorias\/prograd\/caed\/wp-json\/wp\/v2\/comments?post=3679"}],"version-history":[{"count":0,"href":"https:\/\/www.ufsm.br\/pro-reitorias\/prograd\/caed\/wp-json\/wp\/v2\/posts\/3679\/revisions"}],"wp:attachment":[{"href":"https:\/\/www.ufsm.br\/pro-reitorias\/prograd\/caed\/wp-json\/wp\/v2\/media?parent=3679"}],"wp:term":[{"taxonomy":"category","embeddable":true,"href":"https:\/\/www.ufsm.br\/pro-reitorias\/prograd\/caed\/wp-json\/wp\/v2\/categories?post=3679"},{"taxonomy":"post_tag","embeddable":true,"href":"https:\/\/www.ufsm.br\/pro-reitorias\/prograd\/caed\/wp-json\/wp\/v2\/tags?post=3679"}],"curies":[{"name":"wp","href":"https:\/\/api.w.org\/{rel}","templated":true}]}}