{"id":3683,"date":"2020-12-14T20:29:39","date_gmt":"2020-12-14T23:29:39","guid":{"rendered":"https:\/\/www.ufsm.br\/orgaos-executivos\/caed\/?p=3683"},"modified":"2020-12-14T20:29:41","modified_gmt":"2020-12-14T23:29:41","slug":"live-covid-psiq-a-pandemia-sob-a-optica-das-pessoas-com-deficiencia","status":"publish","type":"post","link":"https:\/\/www.ufsm.br\/pro-reitorias\/prograd\/caed\/2020\/12\/14\/live-covid-psiq-a-pandemia-sob-a-optica-das-pessoas-com-deficiencia","title":{"rendered":"LIVE COVID Psiq: \u201cA pandemia sob a \u00f3ptica das pessoas com defici\u00eancia\u201d"},"content":{"rendered":"\n<p>A Universidade Federal de Santa Maria (UFSM)\/Coordenadoria de A\u00e7\u00f5es Educacionais(CAEd) convida todos para a live intitulada\u00a0<strong>\u201cA pandemia sob a \u00f3ptica das pessoas com defici\u00eancia\u201d,\u00a0<\/strong>no dia 09 de dezembro de 2020, \u00e1s 20h00min.<\/p>\n<p>Para acompanhar, acesse youtube.com\/c\/covidpsiq ou o Facebook CovidPSIQ.<\/p>\n<p>\u201cA pandemia trouxe consigo consequ\u00eancias que s\u00e3o encaradas de m\u00faltiplas formas por indiv\u00edduos diferentes e com realidades distintas. Como forma de tentar compreender um pouco a realidade do pr\u00f3ximo, traremos esta semana a live com o tema<strong>\u00a0\u201cA pandemia sob a \u00f3ptica das pessoas com defici\u00eancia\u201d<\/strong>, apresentada pelo engenheiro agr\u00f4nomo Douglas Utzig, pelo cl\u00ednico geral Eduardo Andrade, pela graduanda em Produ\u00e7\u00e3o Editorial Melissa Peres, pela psic\u00f3loga Mariane Teixeira Netto Rodrigues, pelo m\u00fasico Cezar Nogueira, pelo m\u00e9dico psiquiatra Vitor Crestani Calegaro e pela jornalista Juliana Motta. A live ser\u00e1 transmitida pelo Facebook e pelo YouTube, dia\u00a0<strong>9 de dezembro<\/strong>\u00a0de 2020, \u00e0s\u00a0<strong>20h<\/strong>.<\/p>\n<p>Douglas Utzig \u00e9 t\u00e9cnico agr\u00edcola, engenheiro agr\u00f4nomo e mestrando em Ci\u00eancias do Solo. Douglas tem 28 anos e \u00e9 cego h\u00e1 7 anos.<\/p>\n<p>Eduardo Nascimento Correa de Andrade \u00e9 m\u00e9dico cl\u00ednico geral graduado pela Universidade Federal de Santa Maria (UFSM), atualmente preceptor em Aten\u00e7\u00e3o B\u00e1sica na UBS Wilson Paulo Noal e integrante do Programa do Governo Federal Mais M\u00e9dicos para o Brasil.<\/p>\n<p>Melissa Peres \u00e9 graduanda em Produ\u00e7\u00e3o Editorial pela UFSM, bolsista de revis\u00e3o na Editora UFSM, tendo atuado como diretora de marketing na TecAli Jr e jovem aprendiz no Sesc\/Piracicaba.<\/p>\n<p>Mariane Teixeira Netto Rodrigues \u00e9 psic\u00f3loga cl\u00ednica e institucional, especialista em Psicoterapia da Inf\u00e2ncia e da Adolesc\u00eancia, diretora da empresa TN&amp;S \u2013 Inser\u00e7\u00e3o e Qualifica\u00e7\u00e3o Profissional com foco em Diversidade e Acessibilidade e fluente em L\u00edngua de Sinais Brasileira (LIBRAS).<\/p>\n<p>Cezar Nogueira \u00e9 m\u00fasico, santa-mariense, e trabalha na \u00e1rea h\u00e1 mais de 35 anos. Atua como professor lecionando em v\u00e1rias escolas de m\u00fasica. Atuou tamb\u00e9m em v\u00e1rios grupos de rock, ga\u00fachos e sertanejos da cidade, al\u00e9m de alguns trabalhos free-lancer.<\/p>\n<p>O Prof. Dr. Vitor Crestani Calegaro, pesquisador responsa\u0301vel pelo projeto CovidPsiq, e\u0301 professor adjunto do Departamento de Neuropsiquiatria da UFSM e atua como me\u0301dico psiquiatra na Coordenadoria de Ac\u0327o\u0303es Educacionais (CAEd\/UFSM) prestando atendimento aos alunos da instituic\u0327a\u0303o.<\/p>\n<p>A Me. Juliana Motta \u00e9 jornalista formada pela UFSM e, atualmente, \u00e9 doutoranda e Mestre pelo Programa de P\u00f3s-gradua\u00e7\u00e3o em Comunica\u00e7\u00e3o Midi\u00e1tica da UFSM.<\/p>\n<p>Esse evento est\u00e1 sendo promovido pela Coordenadoria de A\u00e7\u00f5es Educacionais \u2013 CAEd UFSM.<\/p>\n<p>DESCRI\u00c7\u00c3O DE IMAGEM: cartaz de divulga\u00e7\u00e3o de evento on-line, sendo uma ilustra\u00e7\u00e3o em formato quadrado, com fundo na cor bege. Em cada \u00e2ngulo da imagem, h\u00e1 um preenchimento na cor roxa, em formato de tri\u00e2ngulo, com base arredondada. Na parte superior, da esquerda para a direita, h\u00e1 inscri\u00e7\u00e3o \u201cLIVE\u201d, na cor roxa. Na sequ\u00eancia, h\u00e1 o logo do Facebook (quadrado azul, de \u00e2ngulos arredondados, com a letra F min\u00fascula ao centro, na cor branca) e, abaixo desse, h\u00e1 o logo do YouTube (ret\u00e2ngulo vermelho, de \u00e2ngulos arredondadas, com um tri\u00e2ngulo branco ao centro, indicando \u00e0 direita). A seguir, h\u00e1 o logo da \u201cUFSM 60 Anos\u201d, que cont\u00e9m o n\u00famero \u201c60\u201d, em letra cursiva, centralizado. O n\u00famero \u201c6\u201d e o n\u00famero \u201c0\u201d est\u00e3o interligados por uma linha cont\u00ednua formando o numeral \u201c60\u201d. Na parte inferior do c\u00edrculo que forma o algarismo \u201c6\u201d, h\u00e1 um \u201cv\u201d invertido, disposto sobre a linha do c\u00edrculo, formando a letra \u201cA\u201d, de \u201cAno\u201d. Ao lado do \u2018A\u201d, dentro do algarismo zero, que possui uma abertura ao lado esquerdo, est\u00e3o as letras \u201cn\u201d, \u201co\u201d e \u201cs\u201d, formando assim, em conjunto com os demais tra\u00e7os, a palavra \u201canos\u201d. A imagem consiste em um trabalho gr\u00e1fico que une a representa\u00e7\u00e3o dos algarismos 6 e 0, com as letras A, N e O, na cor branca, formando o logo \u201cUFSM 60 Anos\u201d. \u00c0 direita deles, h\u00e1 o logo do projeto COVIDPsiq (rosto humano, de perfil, delineado na cor roxa, com a imagem de uma \u00e1rvore, cuja copa est\u00e1 no lugar do c\u00e9rebro). Na base, l\u00ea-se \u201cPESQUISA, ENSINO, EXTENS\u00c3O\u201d, separados um do outro com um marcador circular, todos na cor laranja. Ao lado direito desse, h\u00e1 o bras\u00e3o da Universidade Federal de Santa Maria (UFSM), formado pelos seguintes elementos: tr\u00eas archotes de fogo, que simbolizam os tr\u00eas pilares da universidade: ensino, pesquisa e extens\u00e3o; a flor-de-lis, simbolizando a purifica\u00e7\u00e3o, e os archotes com a chama do conhecimento, representando a luz que ilumina o caminho para a sabedoria; o bras\u00e3o, denotando moral e respeito; a frase em latim \u201cSedes Sapientiae\u201d, que significa sede (lugar, casa) da sabedoria*. Embaixo do bras\u00e3o, como base, h\u00e1 a sigla CAEd (Coordenadoria de A\u00e7\u00f5es Educacionais). Na sequ\u00eancia, distribu\u00eddo em duas linhas horizontais, na cor roxa, l\u00ea-se o t\u00edtulo do evento:\u00a0<strong>\u201cA pandemia sob a \u00f3ptica das pessoas com defici\u00eancia\u201d.\u00a0<\/strong>Abaixo do t\u00edtulo, no sentido horizontal, dentro c\u00edrculos delineados pela cor roxa, h\u00e1 as fotos dos sete ministrantes do evento. Da esquerda para a direita, encontra-se a foto do Prof. Dr. Vitor Crestani Calegaro,\u00a0tratando-se de\u00a0homem de pele clara, cabelos curtos e castanhos e express\u00e3o sorridente. Usa \u00f3culos de grau e barba. Veste camisa social bege, blusa pullover, nas cores marrom e preta, e casaco preto. \u00c0 direita, encontra-se a foto da jornalista Juliana Motta, tratando-se de mulher de pele clara, cabelos loiros e lisos at\u00e9 os ombros, com um leve sorriso e vestindo blusa lil\u00e1s. A seguir, h\u00e1 a foto do Eng. Agr\u00f4nomo Douglas Utzig, tratando-se de homem de pele clara, barba e cabelos pretos, usando blusa preta e \u00f3culos escuros. \u00c0 direita, h\u00e1 a foto do Cl\u00ednico Geral Eduardo Andrade, tratando-se de homem de pele morena, express\u00e3o sorridente, usando \u00f3culos de grau, vestindo camisa social branca, terno e gravata escuros, segurando um diploma na m\u00e3o esquerda. Abaixo, h\u00e1 a foto da graduanda em Produ\u00e7\u00e3o Editorial-UFSM Melissa Peres, tratando-se de mulher de pele clara, cabelos castanhos, longos e encaracolados, e express\u00e3o sorridente. A seguir, h\u00e1 a foto da psic\u00f3loga Marianne Teixeira Netto Rodrigues, tratando-se de mulher de pele clara, cabelos lisos e loiros na altura dos ombros, usando \u00f3culos de grau e vestindo blusa marrom e cardigan listrado. Est\u00e1 segurando um microfone na m\u00e3o direita e usa um crach\u00e1, conferindo-lhe a posi\u00e7\u00e3o de palestrante. Por \u00faltimo, h\u00e1 a foto do m\u00fasico Cezar Nogueira, tratando-se de homem de pele cara, barba castanha, usando um bon\u00e9 branco. Veste blusa de manga longa na cor azul-escura, tendo instrumentos musicais ao fundo da foto. A identifica\u00e7\u00e3o dos participantes encontra-se abaixo das respectivas fotos. Abaixo das fotos, em letras na cor roxa, divididas em duas linhas, l\u00ea-se a data e hor\u00e1rio do evento: \u201cDia 9 de dezembro\u201d, \u201c20h\u201d. Abaixo, distribu\u00eddo horizontalmente, em duas linhas, em letras roxas, l\u00ea-se a forma de acessar a live: \u201cPara acompanhar, acesse youtube.com\/c\/covidpsiq ou nosso Facebook CovidPSIQ\u201d.\u00a0Fonte da descri\u00e7\u00e3o do bras\u00e3o da UFSM: Identidade Visual (<a href=\"https:\/\/www.ufsm.br\/identidade-institucional\/\">https:\/\/www.ufsm.br\/identidade-institucional\/<\/a>), em 08 de dezembro de 2020\u2033.\u00a0<\/p>\n<p><img fetchpriority=\"high\" decoding=\"async\" class=\"alignnone size-medium wp-image-3665 aligncenter\" src=\"https:\/\/www.ufsm.br\/app\/uploads\/sites\/391\/2020\/12\/LIVE-09-DE-DEZEMBRO-DE-2020-1-300x289.jpg\" alt=\"\" width=\"300\" height=\"289\" srcset=\"https:\/\/www.ufsm.br\/app\/uploads\/sites\/391\/2020\/12\/LIVE-09-DE-DEZEMBRO-DE-2020-1-300x289.jpg 300w, https:\/\/www.ufsm.br\/app\/uploads\/sites\/391\/2020\/12\/LIVE-09-DE-DEZEMBRO-DE-2020-1-768x740.jpg 768w, https:\/\/www.ufsm.br\/app\/uploads\/sites\/391\/2020\/12\/LIVE-09-DE-DEZEMBRO-DE-2020-1.jpg 1024w\" sizes=\"(max-width: 300px) 100vw, 300px\" \/><\/p>\n","protected":false},"excerpt":{"rendered":"<p>A Universidade Federal de Santa Maria (UFSM)\/Coordenadoria de A\u00e7\u00f5es Educacionais(CAEd) convida todos para a live intitulada\u00a0\u201cA pandemia sob a \u00f3ptica das pessoas com defici\u00eancia\u201d,\u00a0no dia 09 de dezembro de 2020, \u00e1s 20h00min. Para acompanhar, acesse youtube.com\/c\/covidpsiq ou o Facebook CovidPSIQ. \u201cA pandemia trouxe consigo consequ\u00eancias que s\u00e3o encaradas de m\u00faltiplas formas por indiv\u00edduos diferentes e [&hellip;]<\/p>\n","protected":false},"author":252,"featured_media":0,"comment_status":"closed","ping_status":"closed","sticky":false,"template":"","format":"standard","meta":{"footnotes":""},"categories":[1],"tags":[],"class_list":["post-3683","post","type-post","status-publish","format-standard","hentry","category-sem-categoria"],"acf":[],"_links":{"self":[{"href":"https:\/\/www.ufsm.br\/pro-reitorias\/prograd\/caed\/wp-json\/wp\/v2\/posts\/3683","targetHints":{"allow":["GET"]}}],"collection":[{"href":"https:\/\/www.ufsm.br\/pro-reitorias\/prograd\/caed\/wp-json\/wp\/v2\/posts"}],"about":[{"href":"https:\/\/www.ufsm.br\/pro-reitorias\/prograd\/caed\/wp-json\/wp\/v2\/types\/post"}],"author":[{"embeddable":true,"href":"https:\/\/www.ufsm.br\/pro-reitorias\/prograd\/caed\/wp-json\/wp\/v2\/users\/252"}],"replies":[{"embeddable":true,"href":"https:\/\/www.ufsm.br\/pro-reitorias\/prograd\/caed\/wp-json\/wp\/v2\/comments?post=3683"}],"version-history":[{"count":0,"href":"https:\/\/www.ufsm.br\/pro-reitorias\/prograd\/caed\/wp-json\/wp\/v2\/posts\/3683\/revisions"}],"wp:attachment":[{"href":"https:\/\/www.ufsm.br\/pro-reitorias\/prograd\/caed\/wp-json\/wp\/v2\/media?parent=3683"}],"wp:term":[{"taxonomy":"category","embeddable":true,"href":"https:\/\/www.ufsm.br\/pro-reitorias\/prograd\/caed\/wp-json\/wp\/v2\/categories?post=3683"},{"taxonomy":"post_tag","embeddable":true,"href":"https:\/\/www.ufsm.br\/pro-reitorias\/prograd\/caed\/wp-json\/wp\/v2\/tags?post=3683"}],"curies":[{"name":"wp","href":"https:\/\/api.w.org\/{rel}","templated":true}]}}