{"id":3684,"date":"2020-12-14T20:34:48","date_gmt":"2020-12-14T23:34:48","guid":{"rendered":"https:\/\/www.ufsm.br\/orgaos-executivos\/caed\/?p=3684"},"modified":"2020-12-14T20:34:50","modified_gmt":"2020-12-14T23:34:50","slug":"live-covid-psiq-encerramento-de-2020-resultados-da-terceira-fase-da-pesquisa-covid-psiq-e-lancamento-do-projeto-resilieight","status":"publish","type":"post","link":"https:\/\/www.ufsm.br\/pro-reitorias\/prograd\/caed\/2020\/12\/14\/live-covid-psiq-encerramento-de-2020-resultados-da-terceira-fase-da-pesquisa-covid-psiq-e-lancamento-do-projeto-resilieight","title":{"rendered":"LIVE COVID Psiq: &#8220;Encerramento de 2020: Resultados da terceira fase da pesquisa COVID Psiq e lan\u00e7amento do projeto RESILIEIGHT&#8221;"},"content":{"rendered":"\n<p>A Universidade Federal de Santa Maria(UFSM)\/Coordenadoria de A\u00e7\u00f5es Educacionais(CAEd) convida todos para a LIVE COVID Psiq, intitulada &#8220;Encerramento de 2020: Resultados da terceira fase da pesquisa COVID Psiq e lan\u00e7amento do projeto RESILIEIGHT&#8221;, no dia <strong>15 de dezembro de 2020, \u00e0s 20h00min.\u00a0<\/strong><\/p>\n<p>&#8220;Encerramento 2020: resultados da terceira fase da pesquisa COVIDPsiq e lan\u00e7amento do projeto RESILIEIGHT\u201d, o encontro trar\u00e1 para os participantes da pesquisa e para a popula\u00e7\u00e3o em geral um balan\u00e7o do trabalho feito ao longo do ano, bem como os resultados mais relevantes da pesquisa. O projeto RESILIEIGHT \u00e9 voltado para a promo\u00e7\u00e3o da sa\u00fade mental de pacientes, dividida em 8 t\u00f3picos a serem trabalhados. Conforme firmado no nosso compromisso \u00e9tico com a CONEP, a live ser\u00e1 um retorno para a sociedade, para fins de informa\u00e7\u00e3o acerca da COVIDPsiq. Ser\u00e1 apresentada por alguns participantes da equipe COVIDPsiq, pela jornalista Juliana Motta e pelo psiquiatra Victor Calegaro, no dia 15 de dezembro de 2020 \u00e0s 20h.<\/p>\n<p>O Prof. Dr. Vitor Crestani Calegaro, pesquisador responsa\u0301vel pelo projeto CovidPsiq, e\u0301 professor adjunto do Departamento de Neuropsiquiatria da UFSM e atua como me\u0301dico psiquiatra na Coordenadoria de Ac\u0327o\u0303es Educacionais (CAEd\/UFSM) prestando atendimento aos alunos da instituic\u0327a\u0303o.<\/p>\n<p>A Me. Juliana Motta \u00e9 jornalista formada pela UFSM e, atualmente, \u00e9 doutoranda e Mestre pelo Programa de P\u00f3s-gradua\u00e7\u00e3o em Comunica\u00e7\u00e3o Midi\u00e1tica da UFSM.<\/p>\n<p>Esse evento est\u00e1 sendo promovido pela Coordenadoria de A\u00e7\u00f5es Educacionais &#8211; CAEd UFSM. Pode ser acessado atrav\u00e9s do link\u00a0<a href=\"https:\/\/youtu.be\/uVolK6dZRS4?fbclid=IwAR3Wljan0h3VgJE3Y3v3rdyXlfuszLGRLH4ZdjbJPaeBNBfaFt0MHWs7aw8\" data-saferedirecturl=\"https:\/\/www.google.com\/url?q=https:\/\/youtu.be\/uVolK6dZRS4?fbclid%3DIwAR3Wljan0h3VgJE3Y3v3rdyXlfuszLGRLH4ZdjbJPaeBNBfaFt0MHWs7aw8&amp;source=gmail&amp;ust=1608073916663000&amp;usg=AFQjCNEfUfkfz8NoaQpiDYtM23HN0GbNOA\">https:\/\/youtu.be\/uVolK6dZRS4<\/a><\/p>\n<p><a href=\"https:\/\/www.facebook.com\/hashtag\/saudemental?__eep__=6&amp;__cft__%5b0%5d=AZVEmToCrpjw-vKfYZc6Qp5A6OJDkxfPNOFsm4ZIYkRM7IZ_ESNYrl0_rIYaB2UVmKcF2UzGtINIgt5CNw2SSdJepglsmFHOZ71oBRvd8W0ePqkbbOLT7hEI2wYBdH2ZOIK2XqkGAegapWE1_EjcAv8J&amp;__tn__=*NK-R\" data-saferedirecturl=\"https:\/\/www.google.com\/url?q=https:\/\/www.facebook.com\/hashtag\/saudemental?__eep__%3D6%26__cft__%255b0%255d%3DAZVEmToCrpjw-vKfYZc6Qp5A6OJDkxfPNOFsm4ZIYkRM7IZ_ESNYrl0_rIYaB2UVmKcF2UzGtINIgt5CNw2SSdJepglsmFHOZ71oBRvd8W0ePqkbbOLT7hEI2wYBdH2ZOIK2XqkGAegapWE1_EjcAv8J%26__tn__%3D*NK-R&amp;source=gmail&amp;ust=1608073916663000&amp;usg=AFQjCNFjFd58Uw5e9XA8kDfOzoQh7MqCMg\">#saudemental<\/a>\u00a0<a href=\"https:\/\/www.facebook.com\/hashtag\/pandemia?__eep__=6&amp;__cft__%5b0%5d=AZVEmToCrpjw-vKfYZc6Qp5A6OJDkxfPNOFsm4ZIYkRM7IZ_ESNYrl0_rIYaB2UVmKcF2UzGtINIgt5CNw2SSdJepglsmFHOZ71oBRvd8W0ePqkbbOLT7hEI2wYBdH2ZOIK2XqkGAegapWE1_EjcAv8J&amp;__tn__=*NK-R\" data-saferedirecturl=\"https:\/\/www.google.com\/url?q=https:\/\/www.facebook.com\/hashtag\/pandemia?__eep__%3D6%26__cft__%255b0%255d%3DAZVEmToCrpjw-vKfYZc6Qp5A6OJDkxfPNOFsm4ZIYkRM7IZ_ESNYrl0_rIYaB2UVmKcF2UzGtINIgt5CNw2SSdJepglsmFHOZ71oBRvd8W0ePqkbbOLT7hEI2wYBdH2ZOIK2XqkGAegapWE1_EjcAv8J%26__tn__%3D*NK-R&amp;source=gmail&amp;ust=1608073916663000&amp;usg=AFQjCNEQEDF8VVTleUTCxW4LRhz3JvWoJg\">#pandemia<\/a>\u00a0<a href=\"https:\/\/www.facebook.com\/hashtag\/covid?__eep__=6&amp;__cft__%5b0%5d=AZVEmToCrpjw-vKfYZc6Qp5A6OJDkxfPNOFsm4ZIYkRM7IZ_ESNYrl0_rIYaB2UVmKcF2UzGtINIgt5CNw2SSdJepglsmFHOZ71oBRvd8W0ePqkbbOLT7hEI2wYBdH2ZOIK2XqkGAegapWE1_EjcAv8J&amp;__tn__=*NK-R\" data-saferedirecturl=\"https:\/\/www.google.com\/url?q=https:\/\/www.facebook.com\/hashtag\/covid?__eep__%3D6%26__cft__%255b0%255d%3DAZVEmToCrpjw-vKfYZc6Qp5A6OJDkxfPNOFsm4ZIYkRM7IZ_ESNYrl0_rIYaB2UVmKcF2UzGtINIgt5CNw2SSdJepglsmFHOZ71oBRvd8W0ePqkbbOLT7hEI2wYBdH2ZOIK2XqkGAegapWE1_EjcAv8J%26__tn__%3D*NK-R&amp;source=gmail&amp;ust=1608073916663000&amp;usg=AFQjCNGwKs_nJUSbz3TelikVRKIiowHxFA\">#covid<\/a>\u00a0<a href=\"https:\/\/www.facebook.com\/hashtag\/covidpsiq?__eep__=6&amp;__cft__%5b0%5d=AZVEmToCrpjw-vKfYZc6Qp5A6OJDkxfPNOFsm4ZIYkRM7IZ_ESNYrl0_rIYaB2UVmKcF2UzGtINIgt5CNw2SSdJepglsmFHOZ71oBRvd8W0ePqkbbOLT7hEI2wYBdH2ZOIK2XqkGAegapWE1_EjcAv8J&amp;__tn__=*NK-R\" data-saferedirecturl=\"https:\/\/www.google.com\/url?q=https:\/\/www.facebook.com\/hashtag\/covidpsiq?__eep__%3D6%26__cft__%255b0%255d%3DAZVEmToCrpjw-vKfYZc6Qp5A6OJDkxfPNOFsm4ZIYkRM7IZ_ESNYrl0_rIYaB2UVmKcF2UzGtINIgt5CNw2SSdJepglsmFHOZ71oBRvd8W0ePqkbbOLT7hEI2wYBdH2ZOIK2XqkGAegapWE1_EjcAv8J%26__tn__%3D*NK-R&amp;source=gmail&amp;ust=1608073916663000&amp;usg=AFQjCNFzGicLalu9e1-X-oCL_F_a9W-kXw\">#covidpsiq<\/a><\/p>\n<p><strong>DESCRI\u00c7\u00c3O DE IMAGEM<\/strong>: cartaz de divulga\u00e7\u00e3o de evento on-line, sendo uma ilustra\u00e7\u00e3o em formato quadrado, com fundo na cor bege. Em cada \u00e2ngulo da imagem, h\u00e1 um preenchimento na cor roxa, em formato de tri\u00e2ngulo, com base arredondada. Na parte superior, da esquerda para a direita, h\u00e1 inscri\u00e7\u00e3o \u201cLIVE\u201d, na cor roxa. Na sequ\u00eancia, h\u00e1 o logo do Facebook (quadrado azul, de \u00e2ngulos arredondados, com a letra F min\u00fascula ao centro, na cor branca) e, abaixo desse, h\u00e1 o logo do YouTube (ret\u00e2ngulo vermelho, de \u00e2ngulos arredondadas, com um tri\u00e2ngulo branco ao centro, indicando \u00e0 direita). A seguir, h\u00e1 o logo da \u201cUFSM 60 Anos\u201d, que cont\u00e9m o n\u00famero \u201c60\u201d, em letra cursiva, centralizado. O n\u00famero \u201c6\u201d e o n\u00famero \u201c0\u201d est\u00e3o interligados por uma linha cont\u00ednua formando o numeral \u201c60\u201d. Na parte inferior do c\u00edrculo que forma o algarismo \u201c6\u201d, h\u00e1 um \u201cv\u201d invertido, disposto sobre a linha do c\u00edrculo, formando a letra \u201cA\u201d, de \u201cAno\u201d. Ao lado do \u2018A\u201d, dentro do algarismo zero, que possui uma abertura ao lado esquerdo, est\u00e3o as letras \u201cn\u201d, \u201co\u201d e \u201cs\u201d, formando assim, em conjunto com os demais tra\u00e7os, a palavra \u201canos\u201d. A imagem consiste em um trabalho gr\u00e1fico que une a representa\u00e7\u00e3o dos algarismos 6 e 0, com as letras A, N e O, na cor branca, formando o logo \u201cUFSM 60 Anos\u201d. \u00c0 direita deles, h\u00e1 o logo do projeto COVIDPsiq (rosto humano, de perfil, delineado na cor roxa, com a imagem de uma \u00e1rvore, cuja copa est\u00e1 no lugar do c\u00e9rebro). Na base, l\u00ea-se \u201cPESQUISA, ENSINO, EXTENS\u00c3O\u201d, separados um do outro com um marcador circular, todos na cor laranja. Ao lado direito desse, h\u00e1 o bras\u00e3o da Universidade Federal de Santa Maria (UFSM), formado pelos seguintes elementos:\u00a0tr\u00eas archotes de fogo, que simbolizam os tr\u00eas pilares da universidade: ensino, pesquisa e extens\u00e3o;\u00a0a flor-de-lis, simbolizando a purifica\u00e7\u00e3o, e os archotes com a chama do conhecimento, representando a luz que ilumina o caminho para a sabedoria;\u00a0o bras\u00e3o, denotando moral e respeito; a frase em latim \u201cSedes Sapientiae\u201d, que significa sede (lugar, casa) da sabedoria*.\u00a0Embaixo do bras\u00e3o, como base, h\u00e1 a sigla CAEd (Coordenadoria de A\u00e7\u00f5es Educacionais). Na sequ\u00eancia, distribu\u00eddo em duas linhas horizontais, na cor roxa, l\u00ea-se o t\u00edtulo do evento:\u00a0<strong>\u201cEncerramento de 2020: Resultados da terceira fase da pesquisa COVID Psiq e lan\u00e7amento do projeto RESILIEIGHT\u201d.\u00a0<\/strong>Abaixo do t\u00edtulo, no sentido horizontal, dentro c\u00edrculos delineados pela cor roxa, h\u00e1 as fotos dos ministrantes do evento. Da esquerda para a direita, encontra-se a foto do Prof. Dr. Vitor Crestani Calegaro,\u00a0tratando-se de\u00a0homem de pele clara, cabelos curtos e castanhos e express\u00e3o sorridente. Usa \u00f3culos de grau e barba. Veste camisa social bege, blusa pullover, nas cores marrom e preta, e casaco preto. \u00c0 direita, encontra-se a foto da jornalista Juliana Motta, tratando-se de mulher de pele clara, cabelos loiros e lisos at\u00e9 os ombros, com um leve sorriso e vestindo blusa lil\u00e1s. Por \u00faltimo, h\u00e1 a logo do projeto COVID Psiq, descrita acima, com a subscri\u00e7\u00e3o de \u201cEquipe COVID Psiq\u201d. A identifica\u00e7\u00e3o dos participantes encontra-se abaixo das respectivas fotos. Abaixo das fotos, em letras na cor roxa, divididas em duas linhas, l\u00ea-se a data e hor\u00e1rio do evento: \u201cDia 15 de dezembro\u201d, \u201c20h\u201d. Abaixo, distribu\u00eddo horizontalmente, em duas linhas, em letras roxas, l\u00ea-se a forma de acessar a live: \u201cPara acompanhar, acesse\u00a0<a href=\"http:\/\/youtube.com\/c\/covidpsiq\" data-saferedirecturl=\"https:\/\/www.google.com\/url?q=http:\/\/youtube.com\/c\/covidpsiq&amp;source=gmail&amp;ust=1608073916663000&amp;usg=AFQjCNETS33OA4e-x2ReVpoNAK2Oi8dFmg\">youtube.com\/c\/covidpsiq<\/a>\u00a0ou nosso Facebook CovidPSIQ\u201d.\u00a0Fonte da descri\u00e7\u00e3o: Identidade Visual (<a href=\"https:\/\/www.ufsm.br\/identidade-institucional\/\" data-saferedirecturl=\"https:\/\/www.google.com\/url?q=https:\/\/www.ufsm.br\/identidade-institucional\/&amp;source=gmail&amp;ust=1608073916663000&amp;usg=AFQjCNGHsVJZOfmjan2Aq3ngRE33_zBBdg\">https:\/\/www.ufsm.br\/identidade-institucional\/<\/a>), em 13 de dezembro de 2020.<\/p>\n<p><img fetchpriority=\"high\" decoding=\"async\" class=\"alignnone size-medium wp-image-3685 aligncenter\" src=\"https:\/\/www.ufsm.br\/app\/uploads\/sites\/391\/2020\/12\/25-15-DE-DE-DEZEMBRO-DE-2020-300x297.jpg\" alt=\"\" width=\"300\" height=\"297\" srcset=\"https:\/\/www.ufsm.br\/app\/uploads\/sites\/391\/2020\/12\/25-15-DE-DE-DEZEMBRO-DE-2020-300x297.jpg 300w, https:\/\/www.ufsm.br\/app\/uploads\/sites\/391\/2020\/12\/25-15-DE-DE-DEZEMBRO-DE-2020-1024x1015.jpg 1024w, https:\/\/www.ufsm.br\/app\/uploads\/sites\/391\/2020\/12\/25-15-DE-DE-DEZEMBRO-DE-2020-150x150.jpg 150w, https:\/\/www.ufsm.br\/app\/uploads\/sites\/391\/2020\/12\/25-15-DE-DE-DEZEMBRO-DE-2020-768x761.jpg 768w, https:\/\/www.ufsm.br\/app\/uploads\/sites\/391\/2020\/12\/25-15-DE-DE-DEZEMBRO-DE-2020.jpg 1048w\" sizes=\"(max-width: 300px) 100vw, 300px\" \/><\/p>\n","protected":false},"excerpt":{"rendered":"<p>A Universidade Federal de Santa Maria(UFSM)\/Coordenadoria de A\u00e7\u00f5es Educacionais(CAEd) convida todos para a LIVE COVID Psiq, intitulada &#8220;Encerramento de 2020: Resultados da terceira fase da pesquisa COVID Psiq e lan\u00e7amento do projeto RESILIEIGHT&#8221;, no dia 15 de dezembro de 2020, \u00e0s 20h00min.\u00a0 &#8220;Encerramento 2020: resultados da terceira fase da pesquisa COVIDPsiq e lan\u00e7amento do projeto [&hellip;]<\/p>\n","protected":false},"author":252,"featured_media":0,"comment_status":"closed","ping_status":"closed","sticky":false,"template":"","format":"standard","meta":{"footnotes":""},"categories":[1],"tags":[],"class_list":["post-3684","post","type-post","status-publish","format-standard","hentry","category-sem-categoria"],"acf":[],"_links":{"self":[{"href":"https:\/\/www.ufsm.br\/pro-reitorias\/prograd\/caed\/wp-json\/wp\/v2\/posts\/3684","targetHints":{"allow":["GET"]}}],"collection":[{"href":"https:\/\/www.ufsm.br\/pro-reitorias\/prograd\/caed\/wp-json\/wp\/v2\/posts"}],"about":[{"href":"https:\/\/www.ufsm.br\/pro-reitorias\/prograd\/caed\/wp-json\/wp\/v2\/types\/post"}],"author":[{"embeddable":true,"href":"https:\/\/www.ufsm.br\/pro-reitorias\/prograd\/caed\/wp-json\/wp\/v2\/users\/252"}],"replies":[{"embeddable":true,"href":"https:\/\/www.ufsm.br\/pro-reitorias\/prograd\/caed\/wp-json\/wp\/v2\/comments?post=3684"}],"version-history":[{"count":0,"href":"https:\/\/www.ufsm.br\/pro-reitorias\/prograd\/caed\/wp-json\/wp\/v2\/posts\/3684\/revisions"}],"wp:attachment":[{"href":"https:\/\/www.ufsm.br\/pro-reitorias\/prograd\/caed\/wp-json\/wp\/v2\/media?parent=3684"}],"wp:term":[{"taxonomy":"category","embeddable":true,"href":"https:\/\/www.ufsm.br\/pro-reitorias\/prograd\/caed\/wp-json\/wp\/v2\/categories?post=3684"},{"taxonomy":"post_tag","embeddable":true,"href":"https:\/\/www.ufsm.br\/pro-reitorias\/prograd\/caed\/wp-json\/wp\/v2\/tags?post=3684"}],"curies":[{"name":"wp","href":"https:\/\/api.w.org\/{rel}","templated":true}]}}