{"id":3686,"date":"2020-12-15T11:39:25","date_gmt":"2020-12-15T14:39:25","guid":{"rendered":"https:\/\/www.ufsm.br\/orgaos-executivos\/caed\/?p=3686"},"modified":"2020-12-16T09:55:16","modified_gmt":"2020-12-16T12:55:16","slug":"ufsm-60-anos-semana-de-aniversario","status":"publish","type":"post","link":"https:\/\/www.ufsm.br\/pro-reitorias\/prograd\/caed\/2020\/12\/15\/ufsm-60-anos-semana-de-aniversario","title":{"rendered":"UFSM 60 ANOS &#8211; SEMANA DE ANIVERS\u00c1RIO"},"content":{"rendered":"\n<p>A Universidade Federal de Santa Maria(UFSM)\/Coordenadoria de A\u00e7\u00f5es Educacionais(CAEd) presta sua homenagem aos 60 Anos da UFSM, completados em 14 de dezembro de 2020.&nbsp;<\/p>\n<p>&nbsp;Em homenagem aos 60 anos da UFSM, a Orquestra Sinf\u00f4nica de Santa Maria publicar\u00e1 diversas varia\u00e7\u00f5es do parab\u00e9ns a voc\u00ea em sua p\u00e1gina do Facebook (<a href=\"https:\/\/www.facebook.com\/orquestrasinfonica.santamaria\">https:\/\/www.facebook.com\/orquestrasinfonica.santamaria<\/a>): 10h00min: Parab\u00e9ns no Arco; 12h00min: Parab\u00e9ns no HUSM; 15h00min: Parab\u00e9ns na Biblioteca; 18h00min: Parab\u00e9ns na Reitoria; 21h00min: Compila\u00e7\u00e3o de todos os v\u00eddeos.&nbsp;<\/p>\n<p>Maiores informa\u00e7\u00f5es podem ser conferidas em <a href=\"https:\/\/www.ufsm.br\/2020\/12\/14\/60-anos-de-ufsm-juntos-ou-a-distancia-uma-universidade-sempre-presente\/\">https:\/\/www.ufsm.br\/2020\/12\/14\/60-anos-de-ufsm-juntos-ou-a-distancia-uma-universidade-sempre-presente\/<\/a><\/p>\n","protected":false},"excerpt":{"rendered":"<p>A Universidade Federal de Santa Maria(UFSM)\/Coordenadoria de A\u00e7\u00f5es Educacionais(CAEd) presta sua homenagem aos 60 Anos da UFSM, completados em 14 de dezembro de 2020.&nbsp; &nbsp;Em homenagem aos 60 anos da UFSM, a Orquestra Sinf\u00f4nica de Santa Maria publicar\u00e1 diversas varia\u00e7\u00f5es do parab\u00e9ns a voc\u00ea em sua p\u00e1gina do Facebook (https:\/\/www.facebook.com\/orquestrasinfonica.santamaria): 10h00min: Parab\u00e9ns no Arco; 12h00min: [&hellip;]<\/p>\n","protected":false},"author":252,"featured_media":0,"comment_status":"closed","ping_status":"closed","sticky":false,"template":"","format":"standard","meta":{"footnotes":""},"categories":[1],"tags":[],"class_list":["post-3686","post","type-post","status-publish","format-standard","hentry","category-sem-categoria"],"acf":[],"_links":{"self":[{"href":"https:\/\/www.ufsm.br\/pro-reitorias\/prograd\/caed\/wp-json\/wp\/v2\/posts\/3686","targetHints":{"allow":["GET"]}}],"collection":[{"href":"https:\/\/www.ufsm.br\/pro-reitorias\/prograd\/caed\/wp-json\/wp\/v2\/posts"}],"about":[{"href":"https:\/\/www.ufsm.br\/pro-reitorias\/prograd\/caed\/wp-json\/wp\/v2\/types\/post"}],"author":[{"embeddable":true,"href":"https:\/\/www.ufsm.br\/pro-reitorias\/prograd\/caed\/wp-json\/wp\/v2\/users\/252"}],"replies":[{"embeddable":true,"href":"https:\/\/www.ufsm.br\/pro-reitorias\/prograd\/caed\/wp-json\/wp\/v2\/comments?post=3686"}],"version-history":[{"count":0,"href":"https:\/\/www.ufsm.br\/pro-reitorias\/prograd\/caed\/wp-json\/wp\/v2\/posts\/3686\/revisions"}],"wp:attachment":[{"href":"https:\/\/www.ufsm.br\/pro-reitorias\/prograd\/caed\/wp-json\/wp\/v2\/media?parent=3686"}],"wp:term":[{"taxonomy":"category","embeddable":true,"href":"https:\/\/www.ufsm.br\/pro-reitorias\/prograd\/caed\/wp-json\/wp\/v2\/categories?post=3686"},{"taxonomy":"post_tag","embeddable":true,"href":"https:\/\/www.ufsm.br\/pro-reitorias\/prograd\/caed\/wp-json\/wp\/v2\/tags?post=3686"}],"curies":[{"name":"wp","href":"https:\/\/api.w.org\/{rel}","templated":true}]}}