{"id":3687,"date":"2020-12-15T11:45:11","date_gmt":"2020-12-15T14:45:11","guid":{"rendered":"https:\/\/www.ufsm.br\/orgaos-executivos\/caed\/?p=3687"},"modified":"2020-12-15T12:10:00","modified_gmt":"2020-12-15T15:10:00","slug":"cursos-da-ufsm-alcancam-notas-4-e-5-no-conceito-preliminar-de-curso-cpc","status":"publish","type":"post","link":"https:\/\/www.ufsm.br\/pro-reitorias\/prograd\/caed\/2020\/12\/15\/cursos-da-ufsm-alcancam-notas-4-e-5-no-conceito-preliminar-de-curso-cpc","title":{"rendered":"CURSOS DA UFSM ALCAN\u00c7AM NOTAS 4 E 5 NO CONCEITO PRELIMINAR DE CURSO (CPC)"},"content":{"rendered":"\n<p>A Universidade Federal de Santa Maria(UFSM)\/Coordenadoria de A\u00e7\u00f5es Educacionais(CAEd) soma-se \u00e0 divulga\u00e7\u00e3o do Conceito Preliminar de Curso (CPC) relativo \u00e0 universidade.\u00a0<\/p>\n<p>Maiores informa\u00e7\u00f5es no link <a href=\"https:\/\/www.ufsm.br\/2020\/12\/09\/cursos-da-ufsm-alcancam-notas-4-e-5-no-conceito-preliminar-de-curso-cpc\/\">https:\/\/www.ufsm.br\/2020\/12\/09\/cursos-da-ufsm-alcancam-notas-4-e-5-no-conceito-preliminar-de-curso-cpc\/<\/a><\/p>\n","protected":false},"excerpt":{"rendered":"<p>A Universidade Federal de Santa Maria(UFSM)\/Coordenadoria de A\u00e7\u00f5es Educacionais(CAEd) soma-se \u00e0 divulga\u00e7\u00e3o do Conceito Preliminar de Curso (CPC) relativo \u00e0 universidade.\u00a0 Maiores informa\u00e7\u00f5es no link https:\/\/www.ufsm.br\/2020\/12\/09\/cursos-da-ufsm-alcancam-notas-4-e-5-no-conceito-preliminar-de-curso-cpc\/<\/p>\n","protected":false},"author":252,"featured_media":0,"comment_status":"closed","ping_status":"closed","sticky":false,"template":"","format":"standard","meta":{"footnotes":""},"categories":[1],"tags":[],"class_list":["post-3687","post","type-post","status-publish","format-standard","hentry","category-sem-categoria"],"acf":[],"_links":{"self":[{"href":"https:\/\/www.ufsm.br\/pro-reitorias\/prograd\/caed\/wp-json\/wp\/v2\/posts\/3687","targetHints":{"allow":["GET"]}}],"collection":[{"href":"https:\/\/www.ufsm.br\/pro-reitorias\/prograd\/caed\/wp-json\/wp\/v2\/posts"}],"about":[{"href":"https:\/\/www.ufsm.br\/pro-reitorias\/prograd\/caed\/wp-json\/wp\/v2\/types\/post"}],"author":[{"embeddable":true,"href":"https:\/\/www.ufsm.br\/pro-reitorias\/prograd\/caed\/wp-json\/wp\/v2\/users\/252"}],"replies":[{"embeddable":true,"href":"https:\/\/www.ufsm.br\/pro-reitorias\/prograd\/caed\/wp-json\/wp\/v2\/comments?post=3687"}],"version-history":[{"count":0,"href":"https:\/\/www.ufsm.br\/pro-reitorias\/prograd\/caed\/wp-json\/wp\/v2\/posts\/3687\/revisions"}],"wp:attachment":[{"href":"https:\/\/www.ufsm.br\/pro-reitorias\/prograd\/caed\/wp-json\/wp\/v2\/media?parent=3687"}],"wp:term":[{"taxonomy":"category","embeddable":true,"href":"https:\/\/www.ufsm.br\/pro-reitorias\/prograd\/caed\/wp-json\/wp\/v2\/categories?post=3687"},{"taxonomy":"post_tag","embeddable":true,"href":"https:\/\/www.ufsm.br\/pro-reitorias\/prograd\/caed\/wp-json\/wp\/v2\/tags?post=3687"}],"curies":[{"name":"wp","href":"https:\/\/api.w.org\/{rel}","templated":true}]}}