{"id":3688,"date":"2020-12-15T11:55:42","date_gmt":"2020-12-15T14:55:42","guid":{"rendered":"https:\/\/www.ufsm.br\/orgaos-executivos\/caed\/?p=3688"},"modified":"2020-12-15T11:55:48","modified_gmt":"2020-12-15T14:55:48","slug":"ufsm-lanca-projeto-direcionado-a-educacao-basica-para-levar-conteudo-a-alunos-sem-acesso-a-internet","status":"publish","type":"post","link":"https:\/\/www.ufsm.br\/pro-reitorias\/prograd\/caed\/2020\/12\/15\/ufsm-lanca-projeto-direcionado-a-educacao-basica-para-levar-conteudo-a-alunos-sem-acesso-a-internet","title":{"rendered":"UFSM LAN\u00c7A PROJETO DIRECIONADO \u00c0 EDUCA\u00c7\u00c3O B\u00c1SICA PARA LEVAR CONTE\u00daDO A ALUNOS SEM ACESSO \u00c0 INTERNET"},"content":{"rendered":"\n<p>A Universidade Federal de Santa Maria(UFSM)\/Coordenadoria de A\u00e7\u00f5es Educacionais(CAEd) soma-se \u00e0 divulga\u00e7\u00e3o de projeto da UFSM com vistas \u00e0 educa\u00e7\u00e3o b\u00e1sica.\u00a0<\/p>\n<p>Maiores informa\u00e7\u00f5es no link <a href=\"https:\/\/www.ufsm.br\/2020\/12\/11\/ufsm-lanca-projeto-direcionado-a-educacao-basica-para-levar-conteudo-a-alunos-sem-acesso-a-internet\/\">https:\/\/www.ufsm.br\/2020\/12\/11\/ufsm-lanca-projeto-direcionado-a-educacao-basica-para-levar-conteudo-a-alunos-sem-acesso-a-internet\/<\/a><\/p>\n","protected":false},"excerpt":{"rendered":"<p>A Universidade Federal de Santa Maria(UFSM)\/Coordenadoria de A\u00e7\u00f5es Educacionais(CAEd) soma-se \u00e0 divulga\u00e7\u00e3o de projeto da UFSM com vistas \u00e0 educa\u00e7\u00e3o b\u00e1sica.\u00a0 Maiores informa\u00e7\u00f5es no link https:\/\/www.ufsm.br\/2020\/12\/11\/ufsm-lanca-projeto-direcionado-a-educacao-basica-para-levar-conteudo-a-alunos-sem-acesso-a-internet\/<\/p>\n","protected":false},"author":252,"featured_media":0,"comment_status":"closed","ping_status":"closed","sticky":false,"template":"","format":"standard","meta":{"footnotes":""},"categories":[1],"tags":[],"class_list":["post-3688","post","type-post","status-publish","format-standard","hentry","category-sem-categoria"],"acf":[],"_links":{"self":[{"href":"https:\/\/www.ufsm.br\/pro-reitorias\/prograd\/caed\/wp-json\/wp\/v2\/posts\/3688","targetHints":{"allow":["GET"]}}],"collection":[{"href":"https:\/\/www.ufsm.br\/pro-reitorias\/prograd\/caed\/wp-json\/wp\/v2\/posts"}],"about":[{"href":"https:\/\/www.ufsm.br\/pro-reitorias\/prograd\/caed\/wp-json\/wp\/v2\/types\/post"}],"author":[{"embeddable":true,"href":"https:\/\/www.ufsm.br\/pro-reitorias\/prograd\/caed\/wp-json\/wp\/v2\/users\/252"}],"replies":[{"embeddable":true,"href":"https:\/\/www.ufsm.br\/pro-reitorias\/prograd\/caed\/wp-json\/wp\/v2\/comments?post=3688"}],"version-history":[{"count":0,"href":"https:\/\/www.ufsm.br\/pro-reitorias\/prograd\/caed\/wp-json\/wp\/v2\/posts\/3688\/revisions"}],"wp:attachment":[{"href":"https:\/\/www.ufsm.br\/pro-reitorias\/prograd\/caed\/wp-json\/wp\/v2\/media?parent=3688"}],"wp:term":[{"taxonomy":"category","embeddable":true,"href":"https:\/\/www.ufsm.br\/pro-reitorias\/prograd\/caed\/wp-json\/wp\/v2\/categories?post=3688"},{"taxonomy":"post_tag","embeddable":true,"href":"https:\/\/www.ufsm.br\/pro-reitorias\/prograd\/caed\/wp-json\/wp\/v2\/tags?post=3688"}],"curies":[{"name":"wp","href":"https:\/\/api.w.org\/{rel}","templated":true}]}}