{"id":3689,"date":"2020-12-15T12:00:56","date_gmt":"2020-12-15T15:00:56","guid":{"rendered":"https:\/\/www.ufsm.br\/orgaos-executivos\/caed\/?p=3689"},"modified":"2020-12-15T12:01:05","modified_gmt":"2020-12-15T15:01:05","slug":"descubra-ufsm-2020-em-rede-programacao-do-evento-em-curso","status":"publish","type":"post","link":"https:\/\/www.ufsm.br\/pro-reitorias\/prograd\/caed\/2020\/12\/15\/descubra-ufsm-2020-em-rede-programacao-do-evento-em-curso","title":{"rendered":"DESCUBRA UFSM 2020 EM REDE: PROGRAMA\u00c7\u00c3O DO EVENTO EM CURSO"},"content":{"rendered":"\n<p>A Universidade Federal de Santa Maria(UFSM)\/Coordenadoria de A\u00e7\u00f5es Educacionais(CAEd) soma-se \u00e0 divulga\u00e7\u00e3o do DESCUBRA 2020, em curso de 14 a 18 de dezembro de 2020.<\/p>\n<p>Informa\u00e7\u00f5es e programa\u00e7\u00e3o no link <a href=\"https:\/\/www.ufsm.br\/pro-reitorias\/prograd\/descubra\/\">https:\/\/www.ufsm.br\/pro-reitorias\/prograd\/descubra\/<\/a><\/p>\n","protected":false},"excerpt":{"rendered":"<p>A Universidade Federal de Santa Maria(UFSM)\/Coordenadoria de A\u00e7\u00f5es Educacionais(CAEd) soma-se \u00e0 divulga\u00e7\u00e3o do DESCUBRA 2020, em curso de 14 a 18 de dezembro de 2020. Informa\u00e7\u00f5es e programa\u00e7\u00e3o no link https:\/\/www.ufsm.br\/pro-reitorias\/prograd\/descubra\/<\/p>\n","protected":false},"author":252,"featured_media":0,"comment_status":"closed","ping_status":"closed","sticky":false,"template":"","format":"standard","meta":{"footnotes":""},"categories":[1],"tags":[],"class_list":["post-3689","post","type-post","status-publish","format-standard","hentry","category-sem-categoria"],"acf":[],"_links":{"self":[{"href":"https:\/\/www.ufsm.br\/pro-reitorias\/prograd\/caed\/wp-json\/wp\/v2\/posts\/3689","targetHints":{"allow":["GET"]}}],"collection":[{"href":"https:\/\/www.ufsm.br\/pro-reitorias\/prograd\/caed\/wp-json\/wp\/v2\/posts"}],"about":[{"href":"https:\/\/www.ufsm.br\/pro-reitorias\/prograd\/caed\/wp-json\/wp\/v2\/types\/post"}],"author":[{"embeddable":true,"href":"https:\/\/www.ufsm.br\/pro-reitorias\/prograd\/caed\/wp-json\/wp\/v2\/users\/252"}],"replies":[{"embeddable":true,"href":"https:\/\/www.ufsm.br\/pro-reitorias\/prograd\/caed\/wp-json\/wp\/v2\/comments?post=3689"}],"version-history":[{"count":0,"href":"https:\/\/www.ufsm.br\/pro-reitorias\/prograd\/caed\/wp-json\/wp\/v2\/posts\/3689\/revisions"}],"wp:attachment":[{"href":"https:\/\/www.ufsm.br\/pro-reitorias\/prograd\/caed\/wp-json\/wp\/v2\/media?parent=3689"}],"wp:term":[{"taxonomy":"category","embeddable":true,"href":"https:\/\/www.ufsm.br\/pro-reitorias\/prograd\/caed\/wp-json\/wp\/v2\/categories?post=3689"},{"taxonomy":"post_tag","embeddable":true,"href":"https:\/\/www.ufsm.br\/pro-reitorias\/prograd\/caed\/wp-json\/wp\/v2\/tags?post=3689"}],"curies":[{"name":"wp","href":"https:\/\/api.w.org\/{rel}","templated":true}]}}