{"id":3699,"date":"2020-12-18T12:43:52","date_gmt":"2020-12-18T15:43:52","guid":{"rendered":"https:\/\/www.ufsm.br\/orgaos-executivos\/caed\/?p=3699"},"modified":"2020-12-18T15:04:47","modified_gmt":"2020-12-18T18:04:47","slug":"live-caed-no-descubra-ufsm-2020-em-rede","status":"publish","type":"post","link":"https:\/\/www.ufsm.br\/pro-reitorias\/prograd\/caed\/2020\/12\/18\/live-caed-no-descubra-ufsm-2020-em-rede","title":{"rendered":"LIVE CAEd no DESCUBRA UFSM 2020 EM REDE &#8211; Bate papo sobre orienta\u00e7\u00e3o profissional"},"content":{"rendered":"\n<p>A Universidade Federal de Santa Maria (UFSM)\/Coordenadoria de A\u00e7\u00f5es Educacionais(CAEd) divulga live da CAEd no DESCUBRA UFSM 2020 EM REDE, que ocorrer\u00e1 na data de hoje, 18 de dezembro de 2020, \u00e0s 14h15min<\/p>\n<p>A live, intitulada <strong>Bate-papo sobre voca\u00e7\u00e3o profissional, <\/strong>ser\u00e1 promovida pela Coordenadoria de A\u00e7\u00f5es Educacionais (CAED) e pelo curso de Psicologia.<\/p>\n<p>A live ser\u00e1 transmitida pela plataforma YOUTUBE, pelo link\u00a0<a href=\"https:\/\/youtu.be\/eQ5bbC9pLcE\">https:\/\/youtu.be\/eQ5bbC9pLcE<\/a><\/p>\n","protected":false},"excerpt":{"rendered":"<p>A Universidade Federal de Santa Maria (UFSM)\/Coordenadoria de A\u00e7\u00f5es Educacionais(CAEd) divulga live da CAEd no DESCUBRA UFSM 2020 EM REDE, que ocorrer\u00e1 na data de hoje, 18 de dezembro de 2020, \u00e0s 14h15min A live, intitulada Bate-papo sobre voca\u00e7\u00e3o profissional, ser\u00e1 promovida pela Coordenadoria de A\u00e7\u00f5es Educacionais (CAED) e pelo curso de Psicologia. A live [&hellip;]<\/p>\n","protected":false},"author":252,"featured_media":0,"comment_status":"closed","ping_status":"closed","sticky":false,"template":"","format":"standard","meta":{"footnotes":""},"categories":[1],"tags":[],"class_list":["post-3699","post","type-post","status-publish","format-standard","hentry","category-sem-categoria"],"acf":[],"_links":{"self":[{"href":"https:\/\/www.ufsm.br\/pro-reitorias\/prograd\/caed\/wp-json\/wp\/v2\/posts\/3699","targetHints":{"allow":["GET"]}}],"collection":[{"href":"https:\/\/www.ufsm.br\/pro-reitorias\/prograd\/caed\/wp-json\/wp\/v2\/posts"}],"about":[{"href":"https:\/\/www.ufsm.br\/pro-reitorias\/prograd\/caed\/wp-json\/wp\/v2\/types\/post"}],"author":[{"embeddable":true,"href":"https:\/\/www.ufsm.br\/pro-reitorias\/prograd\/caed\/wp-json\/wp\/v2\/users\/252"}],"replies":[{"embeddable":true,"href":"https:\/\/www.ufsm.br\/pro-reitorias\/prograd\/caed\/wp-json\/wp\/v2\/comments?post=3699"}],"version-history":[{"count":0,"href":"https:\/\/www.ufsm.br\/pro-reitorias\/prograd\/caed\/wp-json\/wp\/v2\/posts\/3699\/revisions"}],"wp:attachment":[{"href":"https:\/\/www.ufsm.br\/pro-reitorias\/prograd\/caed\/wp-json\/wp\/v2\/media?parent=3699"}],"wp:term":[{"taxonomy":"category","embeddable":true,"href":"https:\/\/www.ufsm.br\/pro-reitorias\/prograd\/caed\/wp-json\/wp\/v2\/categories?post=3699"},{"taxonomy":"post_tag","embeddable":true,"href":"https:\/\/www.ufsm.br\/pro-reitorias\/prograd\/caed\/wp-json\/wp\/v2\/tags?post=3699"}],"curies":[{"name":"wp","href":"https:\/\/api.w.org\/{rel}","templated":true}]}}