{"id":3702,"date":"2020-12-20T15:18:40","date_gmt":"2020-12-20T18:18:40","guid":{"rendered":"https:\/\/www.ufsm.br\/orgaos-executivos\/caed\/?p=3702"},"modified":"2020-12-20T15:19:58","modified_gmt":"2020-12-20T18:19:58","slug":"descubra-ufsm-2020-em-rede-participacao-da-caed","status":"publish","type":"post","link":"https:\/\/www.ufsm.br\/pro-reitorias\/prograd\/caed\/2020\/12\/20\/descubra-ufsm-2020-em-rede-participacao-da-caed","title":{"rendered":"DESCUBRA UFSM 2020 EM REDE &#8211; PARTICIPA\u00c7\u00c3O DA CAEd"},"content":{"rendered":"\n<p>A Universidade Federal de Santa Maria (UFSM)\/ Coordenadoria de A\u00e7\u00f5es Educacionais (CAEd) divulga os links da lives da participa\u00e7\u00e3o dessa coordenadoria no referido evento:<\/p>\n<ul>\n<li style=\"font-weight: 400\"><span style=\"font-weight: 400\">15\/12\/2020: <\/span><span style=\"font-weight: 400\">DESCUBRA UFSM 2020 EM REDE &#8211; CAEd e curso de Psicologia da UFSM &#8211; Orienta\u00e7\u00e3o profissional. <\/span><span style=\"font-weight: 400\">Link: <\/span><a href=\"https:\/\/www.youtube.com\/watch?v=Kx9OlLFZf2k&amp;feature=youtu.be\"><span style=\"font-weight: 400\">https:\/\/www.youtube.com\/watch?v=Kx9OlLFZf2k&amp;feature=youtu.be<\/span><\/a><\/li>\n<li style=\"font-weight: 400\"><span style=\"font-weight: 400\">16\/12\/2020: <\/span><span style=\"font-weight: 400\">DESCUBRA UFSM 2020 EM REDE &#8211; CAEd &#8211; Apresenta\u00e7\u00e3o da CAEd. Link: <\/span><a href=\"https:\/\/www.youtube.com\/watch?v=QI6z-Sh1vRU&amp;feature=youtu.be&amp;ab_channel=Prograd-2&amp;fbclid=IwAR1ImrUiaa02rkRfzDt6N7bWxHIACnINY6Y5-nPkA3NQ5E0w4fAmbQTlFLc\"><span style=\"font-weight: 400\">https:\/\/www.youtube.com\/watch?v=QI6z-Sh1vRU&amp;feature=youtu.be&amp;ab_channel=Prograd-2&amp;fbclid=IwAR1ImrUiaa02rkRfzDt6N7bWxHIACnINY6Y5-nPkA3NQ5E0w4fAmbQTlFLc<\/span><\/a><\/li>\n<li style=\"font-weight: 400\"><span style=\"font-weight: 400\">18\/12\/2020:\u00a0 <\/span><span style=\"font-weight: 400\">DESCUBRA UFSM 2020 EM REDE &#8211; CAEd &#8211; Orienta\u00e7\u00e3o vocacional. Link: <\/span><a href=\"https:\/\/www.youtube.com\/watch?fbclid=IwAR3DhqPkJDCw6NUtWMtlPF7Cyrs29_aIoeO24tE41EXFMzKQmyvvAlukEF0&amp;v=eQ5bbC9pLcE&amp;feature=youtu.be\"><span style=\"font-weight: 400\">https:\/\/www.youtube.com\/watch?fbclid=IwAR3DhqPkJDCw6NUtWMtlPF7Cyrs29_aIoeO24tE41EXFMzKQmyvvAlukEF0&amp;v=eQ5bbC9pLcE&amp;feature=youtu.be<\/span><\/a><\/li>\n<\/ul>\n","protected":false},"excerpt":{"rendered":"<p>A Universidade Federal de Santa Maria (UFSM)\/ Coordenadoria de A\u00e7\u00f5es Educacionais (CAEd) divulga os links da lives da participa\u00e7\u00e3o dessa coordenadoria no referido evento: 15\/12\/2020: DESCUBRA UFSM 2020 EM REDE &#8211; CAEd e curso de Psicologia da UFSM &#8211; Orienta\u00e7\u00e3o profissional. Link: https:\/\/www.youtube.com\/watch?v=Kx9OlLFZf2k&amp;feature=youtu.be 16\/12\/2020: DESCUBRA UFSM 2020 EM REDE &#8211; CAEd &#8211; Apresenta\u00e7\u00e3o da CAEd. [&hellip;]<\/p>\n","protected":false},"author":252,"featured_media":0,"comment_status":"closed","ping_status":"closed","sticky":false,"template":"","format":"standard","meta":{"footnotes":""},"categories":[1],"tags":[],"class_list":["post-3702","post","type-post","status-publish","format-standard","hentry","category-sem-categoria"],"acf":[],"_links":{"self":[{"href":"https:\/\/www.ufsm.br\/pro-reitorias\/prograd\/caed\/wp-json\/wp\/v2\/posts\/3702","targetHints":{"allow":["GET"]}}],"collection":[{"href":"https:\/\/www.ufsm.br\/pro-reitorias\/prograd\/caed\/wp-json\/wp\/v2\/posts"}],"about":[{"href":"https:\/\/www.ufsm.br\/pro-reitorias\/prograd\/caed\/wp-json\/wp\/v2\/types\/post"}],"author":[{"embeddable":true,"href":"https:\/\/www.ufsm.br\/pro-reitorias\/prograd\/caed\/wp-json\/wp\/v2\/users\/252"}],"replies":[{"embeddable":true,"href":"https:\/\/www.ufsm.br\/pro-reitorias\/prograd\/caed\/wp-json\/wp\/v2\/comments?post=3702"}],"version-history":[{"count":0,"href":"https:\/\/www.ufsm.br\/pro-reitorias\/prograd\/caed\/wp-json\/wp\/v2\/posts\/3702\/revisions"}],"wp:attachment":[{"href":"https:\/\/www.ufsm.br\/pro-reitorias\/prograd\/caed\/wp-json\/wp\/v2\/media?parent=3702"}],"wp:term":[{"taxonomy":"category","embeddable":true,"href":"https:\/\/www.ufsm.br\/pro-reitorias\/prograd\/caed\/wp-json\/wp\/v2\/categories?post=3702"},{"taxonomy":"post_tag","embeddable":true,"href":"https:\/\/www.ufsm.br\/pro-reitorias\/prograd\/caed\/wp-json\/wp\/v2\/tags?post=3702"}],"curies":[{"name":"wp","href":"https:\/\/api.w.org\/{rel}","templated":true}]}}