{"id":3712,"date":"2021-01-04T14:30:57","date_gmt":"2021-01-04T17:30:57","guid":{"rendered":"https:\/\/www.ufsm.br\/orgaos-executivos\/caed\/?p=3712"},"modified":"2021-01-04T14:36:05","modified_gmt":"2021-01-04T17:36:05","slug":"projeto-resilieight-oito-passos-para-o-cuidado-com-a-saude-mental","status":"publish","type":"post","link":"https:\/\/www.ufsm.br\/pro-reitorias\/prograd\/caed\/2021\/01\/04\/projeto-resilieight-oito-passos-para-o-cuidado-com-a-saude-mental","title":{"rendered":"PROJETO RESILIEIGHT &#8211; OITO PASSOS PARA O CUIDADO COM A SA\u00daDE MENTAL"},"content":{"rendered":"\n<p>A Universidade Federal de Santa Maria(UFSM)\/Coordenadoria de A\u00e7\u00f5es Educacionais(CAEd) divulga, por meio de reportagem do Di\u00e1rio de Santa Maria, o projeto RESILIEIGHT, relativo aos cuidados com a sa\u00fade mental.<\/p>\n<p>A reportagem completa pode ser conferida no link a seguir:<\/p>\n<p><a href=\"https:\/\/diariosm.com.br\/not%C3%ADcias\/sa%C3%BAde\/v%C3%ADdeo-projeto-da-ufsm-elenca-oito-passos-para-preservar-a-sa%C3%BAde-mental-1.2289211?l=\">https:\/\/diariosm.com.br\/not%C3%ADcias\/sa%C3%BAde\/v%C3%ADdeo-projeto-da-ufsm-elenca-oito-passos-para-preservar-a-sa%C3%BAde-mental-1.2289211?l=<\/a><\/p>\n","protected":false},"excerpt":{"rendered":"<p>A Universidade Federal de Santa Maria(UFSM)\/Coordenadoria de A\u00e7\u00f5es Educacionais(CAEd) divulga, por meio de reportagem do Di\u00e1rio de Santa Maria, o projeto RESILIEIGHT, relativo aos cuidados com a sa\u00fade mental. A reportagem completa pode ser conferida no link a seguir: https:\/\/diariosm.com.br\/not%C3%ADcias\/sa%C3%BAde\/v%C3%ADdeo-projeto-da-ufsm-elenca-oito-passos-para-preservar-a-sa%C3%BAde-mental-1.2289211?l=<\/p>\n","protected":false},"author":252,"featured_media":0,"comment_status":"closed","ping_status":"closed","sticky":false,"template":"","format":"standard","meta":{"footnotes":""},"categories":[1],"tags":[],"class_list":["post-3712","post","type-post","status-publish","format-standard","hentry","category-sem-categoria"],"acf":[],"_links":{"self":[{"href":"https:\/\/www.ufsm.br\/pro-reitorias\/prograd\/caed\/wp-json\/wp\/v2\/posts\/3712","targetHints":{"allow":["GET"]}}],"collection":[{"href":"https:\/\/www.ufsm.br\/pro-reitorias\/prograd\/caed\/wp-json\/wp\/v2\/posts"}],"about":[{"href":"https:\/\/www.ufsm.br\/pro-reitorias\/prograd\/caed\/wp-json\/wp\/v2\/types\/post"}],"author":[{"embeddable":true,"href":"https:\/\/www.ufsm.br\/pro-reitorias\/prograd\/caed\/wp-json\/wp\/v2\/users\/252"}],"replies":[{"embeddable":true,"href":"https:\/\/www.ufsm.br\/pro-reitorias\/prograd\/caed\/wp-json\/wp\/v2\/comments?post=3712"}],"version-history":[{"count":0,"href":"https:\/\/www.ufsm.br\/pro-reitorias\/prograd\/caed\/wp-json\/wp\/v2\/posts\/3712\/revisions"}],"wp:attachment":[{"href":"https:\/\/www.ufsm.br\/pro-reitorias\/prograd\/caed\/wp-json\/wp\/v2\/media?parent=3712"}],"wp:term":[{"taxonomy":"category","embeddable":true,"href":"https:\/\/www.ufsm.br\/pro-reitorias\/prograd\/caed\/wp-json\/wp\/v2\/categories?post=3712"},{"taxonomy":"post_tag","embeddable":true,"href":"https:\/\/www.ufsm.br\/pro-reitorias\/prograd\/caed\/wp-json\/wp\/v2\/tags?post=3712"}],"curies":[{"name":"wp","href":"https:\/\/api.w.org\/{rel}","templated":true}]}}