{"id":3720,"date":"2021-01-07T17:36:08","date_gmt":"2021-01-07T20:36:08","guid":{"rendered":"https:\/\/www.ufsm.br\/orgaos-executivos\/caed\/?p=3720"},"modified":"2021-01-07T17:36:33","modified_gmt":"2021-01-07T20:36:33","slug":"pro-reitoria-de-extensao-pre-seleciona-acoes-de-extensao-para-o-espaco-de-acoes-comunitarias-e-empreendedoras","status":"publish","type":"post","link":"https:\/\/www.ufsm.br\/pro-reitorias\/prograd\/caed\/2021\/01\/07\/pro-reitoria-de-extensao-pre-seleciona-acoes-de-extensao-para-o-espaco-de-acoes-comunitarias-e-empreendedoras","title":{"rendered":"PR\u00d3-REITORIA DE EXTENS\u00c3O (PRE) SELECIONA A\u00c7\u00d5ES DE EXTENS\u00c3O PARA O ESPA\u00c7O DE A\u00c7\u00d5ES COMUNIT\u00c1RIAS E EMPREENDEDORAS"},"content":{"rendered":"\n<p>A Universidade Federal de Santa Maria(UFSM)\/Coordenadoria de A\u00e7\u00f5es Educacionais (CAEd) divulga a\u00e7\u00e3o da Pr\u00f3-Reitoria de Extens\u00e3o (PRE).<\/p>\n<p>Maiores informa\u00e7\u00f5es podem ser acessadas em <a href=\"https:\/\/www.ufsm.br\/2020\/12\/22\/pre-seleciona-acoes-de-extensao-para-o-espaco-de-acoes-comunitarias-e-empreendedoras\/\">https:\/\/www.ufsm.br\/2020\/12\/22\/pre-seleciona-acoes-de-extensao-para-o-espaco-de-acoes-comunitarias-e-empreendedoras\/\u00a0<\/a><\/p>\n","protected":false},"excerpt":{"rendered":"<p>A Universidade Federal de Santa Maria(UFSM)\/Coordenadoria de A\u00e7\u00f5es Educacionais (CAEd) divulga a\u00e7\u00e3o da Pr\u00f3-Reitoria de Extens\u00e3o (PRE). Maiores informa\u00e7\u00f5es podem ser acessadas em https:\/\/www.ufsm.br\/2020\/12\/22\/pre-seleciona-acoes-de-extensao-para-o-espaco-de-acoes-comunitarias-e-empreendedoras\/\u00a0<\/p>\n","protected":false},"author":252,"featured_media":0,"comment_status":"closed","ping_status":"closed","sticky":false,"template":"","format":"standard","meta":{"footnotes":""},"categories":[1],"tags":[],"class_list":["post-3720","post","type-post","status-publish","format-standard","hentry","category-sem-categoria"],"acf":[],"_links":{"self":[{"href":"https:\/\/www.ufsm.br\/pro-reitorias\/prograd\/caed\/wp-json\/wp\/v2\/posts\/3720","targetHints":{"allow":["GET"]}}],"collection":[{"href":"https:\/\/www.ufsm.br\/pro-reitorias\/prograd\/caed\/wp-json\/wp\/v2\/posts"}],"about":[{"href":"https:\/\/www.ufsm.br\/pro-reitorias\/prograd\/caed\/wp-json\/wp\/v2\/types\/post"}],"author":[{"embeddable":true,"href":"https:\/\/www.ufsm.br\/pro-reitorias\/prograd\/caed\/wp-json\/wp\/v2\/users\/252"}],"replies":[{"embeddable":true,"href":"https:\/\/www.ufsm.br\/pro-reitorias\/prograd\/caed\/wp-json\/wp\/v2\/comments?post=3720"}],"version-history":[{"count":0,"href":"https:\/\/www.ufsm.br\/pro-reitorias\/prograd\/caed\/wp-json\/wp\/v2\/posts\/3720\/revisions"}],"wp:attachment":[{"href":"https:\/\/www.ufsm.br\/pro-reitorias\/prograd\/caed\/wp-json\/wp\/v2\/media?parent=3720"}],"wp:term":[{"taxonomy":"category","embeddable":true,"href":"https:\/\/www.ufsm.br\/pro-reitorias\/prograd\/caed\/wp-json\/wp\/v2\/categories?post=3720"},{"taxonomy":"post_tag","embeddable":true,"href":"https:\/\/www.ufsm.br\/pro-reitorias\/prograd\/caed\/wp-json\/wp\/v2\/tags?post=3720"}],"curies":[{"name":"wp","href":"https:\/\/api.w.org\/{rel}","templated":true}]}}