{"id":3721,"date":"2021-01-07T17:41:37","date_gmt":"2021-01-07T20:41:37","guid":{"rendered":"https:\/\/www.ufsm.br\/orgaos-executivos\/caed\/?p=3721"},"modified":"2021-01-07T17:41:38","modified_gmt":"2021-01-07T20:41:38","slug":"pro-reitoria-de-extensao-pre-divulga-resultado-do-forum-regional-permanente-de-extensao-2020-educacao-de-qualidade-e-desenvolvimento-sustentavel","status":"publish","type":"post","link":"https:\/\/www.ufsm.br\/pro-reitorias\/prograd\/caed\/2021\/01\/07\/pro-reitoria-de-extensao-pre-divulga-resultado-do-forum-regional-permanente-de-extensao-2020-educacao-de-qualidade-e-desenvolvimento-sustentavel","title":{"rendered":"PR\u00d3-REITORIA DE EXTENS\u00c3O (PRE) DIVULGA RESULTADO DO F\u00d3RUM REGIONAL PERMANENTE DE EXTENS\u00c3O 2020 &#8211; EDUCA\u00c7\u00c3O DE QUALIDADE E DESENVOLVIMENTO SUSTENT\u00c1VEL"},"content":{"rendered":"\n<p>A Universidade Federal de Santa Maria (UFSM)\/ Coordenadoria de A\u00e7\u00f5es Educacionais (CAEd) soma-se \u00e0 divulga\u00e7\u00e3o de resultado de evento da Pr\u00f3-Reitoria de Extens\u00e3o (PRE).<\/p>\n<p>Maiores informa\u00e7\u00f5es podem ser acessadas em <a href=\"https:\/\/www.ufsm.br\/2020\/12\/28\/educacao-de-qualidade-e-escolhido-como-objetivo-de-desenvolvimento-sustentavel-prioritario-para-a-ufsm\/\">https:\/\/www.ufsm.br\/2020\/12\/28\/educacao-de-qualidade-e-escolhido-como-objetivo-de-desenvolvimento-sustentavel-prioritario-para-a-ufsm\/<\/a><\/p>\n","protected":false},"excerpt":{"rendered":"<p>A Universidade Federal de Santa Maria (UFSM)\/ Coordenadoria de A\u00e7\u00f5es Educacionais (CAEd) soma-se \u00e0 divulga\u00e7\u00e3o de resultado de evento da Pr\u00f3-Reitoria de Extens\u00e3o (PRE). Maiores informa\u00e7\u00f5es podem ser acessadas em https:\/\/www.ufsm.br\/2020\/12\/28\/educacao-de-qualidade-e-escolhido-como-objetivo-de-desenvolvimento-sustentavel-prioritario-para-a-ufsm\/<\/p>\n","protected":false},"author":252,"featured_media":0,"comment_status":"closed","ping_status":"closed","sticky":false,"template":"","format":"standard","meta":{"footnotes":""},"categories":[1],"tags":[],"class_list":["post-3721","post","type-post","status-publish","format-standard","hentry","category-sem-categoria"],"acf":[],"_links":{"self":[{"href":"https:\/\/www.ufsm.br\/pro-reitorias\/prograd\/caed\/wp-json\/wp\/v2\/posts\/3721","targetHints":{"allow":["GET"]}}],"collection":[{"href":"https:\/\/www.ufsm.br\/pro-reitorias\/prograd\/caed\/wp-json\/wp\/v2\/posts"}],"about":[{"href":"https:\/\/www.ufsm.br\/pro-reitorias\/prograd\/caed\/wp-json\/wp\/v2\/types\/post"}],"author":[{"embeddable":true,"href":"https:\/\/www.ufsm.br\/pro-reitorias\/prograd\/caed\/wp-json\/wp\/v2\/users\/252"}],"replies":[{"embeddable":true,"href":"https:\/\/www.ufsm.br\/pro-reitorias\/prograd\/caed\/wp-json\/wp\/v2\/comments?post=3721"}],"version-history":[{"count":0,"href":"https:\/\/www.ufsm.br\/pro-reitorias\/prograd\/caed\/wp-json\/wp\/v2\/posts\/3721\/revisions"}],"wp:attachment":[{"href":"https:\/\/www.ufsm.br\/pro-reitorias\/prograd\/caed\/wp-json\/wp\/v2\/media?parent=3721"}],"wp:term":[{"taxonomy":"category","embeddable":true,"href":"https:\/\/www.ufsm.br\/pro-reitorias\/prograd\/caed\/wp-json\/wp\/v2\/categories?post=3721"},{"taxonomy":"post_tag","embeddable":true,"href":"https:\/\/www.ufsm.br\/pro-reitorias\/prograd\/caed\/wp-json\/wp\/v2\/tags?post=3721"}],"curies":[{"name":"wp","href":"https:\/\/api.w.org\/{rel}","templated":true}]}}