{"id":3723,"date":"2021-01-07T17:46:13","date_gmt":"2021-01-07T20:46:13","guid":{"rendered":"https:\/\/www.ufsm.br\/orgaos-executivos\/caed\/?p=3723"},"modified":"2021-01-07T17:46:47","modified_gmt":"2021-01-07T20:46:47","slug":"inscricoes-para-o-processo-seletivo-para-os-cursos-de-musica-e-danca-bacharelado","status":"publish","type":"post","link":"https:\/\/www.ufsm.br\/pro-reitorias\/prograd\/caed\/2021\/01\/07\/inscricoes-para-o-processo-seletivo-para-os-cursos-de-musica-e-danca-bacharelado","title":{"rendered":"INSCRI\u00c7\u00d5ES PARA O PROCESSO SELETIVO DOS CURSOS DE M\u00daSICA E DAN\u00c7A-BACHARELADO"},"content":{"rendered":"\n<p>A Universidade Federal de Santa Maria (UFSM)\/ Coordenadoria de A\u00e7\u00f5es Educacionais (CAEd) soma-se \u00e0 divulga\u00e7\u00e3o da abertura de inscri\u00e7\u00f5es, que podem ser realizadas at\u00e9 dia 22 de janeiro de 2021.\u00a0<\/p>\n<p>Maiores informa\u00e7\u00f5es podem ser acessadas em <a href=\"https:\/\/www.ufsm.br\/2020\/12\/30\/inscricao-no-processo-seletivo-danca-bacharelado-e-musica-pode-ser-feita-ate-22-de-janeiro\/\">https:\/\/www.ufsm.br\/2020\/12\/30\/inscricao-no-processo-seletivo-danca-bacharelado-e-musica-pode-ser-feita-ate-22-de-janeiro\/<\/a><\/p>\n","protected":false},"excerpt":{"rendered":"<p>A Universidade Federal de Santa Maria (UFSM)\/ Coordenadoria de A\u00e7\u00f5es Educacionais (CAEd) soma-se \u00e0 divulga\u00e7\u00e3o da abertura de inscri\u00e7\u00f5es, que podem ser realizadas at\u00e9 dia 22 de janeiro de 2021.\u00a0 Maiores informa\u00e7\u00f5es podem ser acessadas em https:\/\/www.ufsm.br\/2020\/12\/30\/inscricao-no-processo-seletivo-danca-bacharelado-e-musica-pode-ser-feita-ate-22-de-janeiro\/<\/p>\n","protected":false},"author":252,"featured_media":0,"comment_status":"closed","ping_status":"closed","sticky":false,"template":"","format":"standard","meta":{"footnotes":""},"categories":[1],"tags":[],"class_list":["post-3723","post","type-post","status-publish","format-standard","hentry","category-sem-categoria"],"acf":[],"_links":{"self":[{"href":"https:\/\/www.ufsm.br\/pro-reitorias\/prograd\/caed\/wp-json\/wp\/v2\/posts\/3723","targetHints":{"allow":["GET"]}}],"collection":[{"href":"https:\/\/www.ufsm.br\/pro-reitorias\/prograd\/caed\/wp-json\/wp\/v2\/posts"}],"about":[{"href":"https:\/\/www.ufsm.br\/pro-reitorias\/prograd\/caed\/wp-json\/wp\/v2\/types\/post"}],"author":[{"embeddable":true,"href":"https:\/\/www.ufsm.br\/pro-reitorias\/prograd\/caed\/wp-json\/wp\/v2\/users\/252"}],"replies":[{"embeddable":true,"href":"https:\/\/www.ufsm.br\/pro-reitorias\/prograd\/caed\/wp-json\/wp\/v2\/comments?post=3723"}],"version-history":[{"count":0,"href":"https:\/\/www.ufsm.br\/pro-reitorias\/prograd\/caed\/wp-json\/wp\/v2\/posts\/3723\/revisions"}],"wp:attachment":[{"href":"https:\/\/www.ufsm.br\/pro-reitorias\/prograd\/caed\/wp-json\/wp\/v2\/media?parent=3723"}],"wp:term":[{"taxonomy":"category","embeddable":true,"href":"https:\/\/www.ufsm.br\/pro-reitorias\/prograd\/caed\/wp-json\/wp\/v2\/categories?post=3723"},{"taxonomy":"post_tag","embeddable":true,"href":"https:\/\/www.ufsm.br\/pro-reitorias\/prograd\/caed\/wp-json\/wp\/v2\/tags?post=3723"}],"curies":[{"name":"wp","href":"https:\/\/api.w.org\/{rel}","templated":true}]}}