{"id":3724,"date":"2021-01-07T17:52:31","date_gmt":"2021-01-07T20:52:31","guid":{"rendered":"https:\/\/www.ufsm.br\/orgaos-executivos\/caed\/?p=3724"},"modified":"2021-01-07T17:52:32","modified_gmt":"2021-01-07T20:52:32","slug":"atividades-presenciais-seguem-suspensas-na-ufsm-ate-31-de-janeiro","status":"publish","type":"post","link":"https:\/\/www.ufsm.br\/pro-reitorias\/prograd\/caed\/2021\/01\/07\/atividades-presenciais-seguem-suspensas-na-ufsm-ate-31-de-janeiro","title":{"rendered":"ATIVIDADES PRESENCIAIS SEGUEM SUSPENSAS NA UFSM AT\u00c9 31 DE JANEIRO"},"content":{"rendered":"\n<p>A Universidade Federal de Santa Maria (UFSM)\/ Coordenadoria de A\u00e7\u00f5es Educacionais (CAEd) soma-se \u00e0 divulga\u00e7\u00e3o da prorroga\u00e7\u00e3o da suspens\u00e3o de atividades na UFSM.<\/p>\n<p>Maiores informa\u00e7\u00f5es em <a href=\"https:\/\/www.ufsm.br\/2020\/12\/29\/atividades-presenciais-seguem-suspensas-na-ufsm-ate-31-de-janeiro\/\">https:\/\/www.ufsm.br\/2020\/12\/29\/atividades-presenciais-seguem-suspensas-na-ufsm-ate-31-de-janeiro\/<\/a><\/p>\n","protected":false},"excerpt":{"rendered":"<p>A Universidade Federal de Santa Maria (UFSM)\/ Coordenadoria de A\u00e7\u00f5es Educacionais (CAEd) soma-se \u00e0 divulga\u00e7\u00e3o da prorroga\u00e7\u00e3o da suspens\u00e3o de atividades na UFSM. Maiores informa\u00e7\u00f5es em https:\/\/www.ufsm.br\/2020\/12\/29\/atividades-presenciais-seguem-suspensas-na-ufsm-ate-31-de-janeiro\/<\/p>\n","protected":false},"author":252,"featured_media":0,"comment_status":"closed","ping_status":"closed","sticky":false,"template":"","format":"standard","meta":{"footnotes":""},"categories":[1],"tags":[],"class_list":["post-3724","post","type-post","status-publish","format-standard","hentry","category-sem-categoria"],"acf":[],"_links":{"self":[{"href":"https:\/\/www.ufsm.br\/pro-reitorias\/prograd\/caed\/wp-json\/wp\/v2\/posts\/3724","targetHints":{"allow":["GET"]}}],"collection":[{"href":"https:\/\/www.ufsm.br\/pro-reitorias\/prograd\/caed\/wp-json\/wp\/v2\/posts"}],"about":[{"href":"https:\/\/www.ufsm.br\/pro-reitorias\/prograd\/caed\/wp-json\/wp\/v2\/types\/post"}],"author":[{"embeddable":true,"href":"https:\/\/www.ufsm.br\/pro-reitorias\/prograd\/caed\/wp-json\/wp\/v2\/users\/252"}],"replies":[{"embeddable":true,"href":"https:\/\/www.ufsm.br\/pro-reitorias\/prograd\/caed\/wp-json\/wp\/v2\/comments?post=3724"}],"version-history":[{"count":0,"href":"https:\/\/www.ufsm.br\/pro-reitorias\/prograd\/caed\/wp-json\/wp\/v2\/posts\/3724\/revisions"}],"wp:attachment":[{"href":"https:\/\/www.ufsm.br\/pro-reitorias\/prograd\/caed\/wp-json\/wp\/v2\/media?parent=3724"}],"wp:term":[{"taxonomy":"category","embeddable":true,"href":"https:\/\/www.ufsm.br\/pro-reitorias\/prograd\/caed\/wp-json\/wp\/v2\/categories?post=3724"},{"taxonomy":"post_tag","embeddable":true,"href":"https:\/\/www.ufsm.br\/pro-reitorias\/prograd\/caed\/wp-json\/wp\/v2\/tags?post=3724"}],"curies":[{"name":"wp","href":"https:\/\/api.w.org\/{rel}","templated":true}]}}