{"id":3751,"date":"2021-01-12T14:00:46","date_gmt":"2021-01-12T17:00:46","guid":{"rendered":"https:\/\/www.ufsm.br\/orgaos-executivos\/caed\/?p=3751"},"modified":"2021-01-12T14:00:49","modified_gmt":"2021-01-12T17:00:49","slug":"revista-arco-publicacoes","status":"publish","type":"post","link":"https:\/\/www.ufsm.br\/pro-reitorias\/prograd\/caed\/2021\/01\/12\/revista-arco-publicacoes","title":{"rendered":"REVISTA ARCO &#8211; PUBLICA\u00c7\u00d5ES"},"content":{"rendered":"\n<p>A Universidade Federal de Santa Maria (UFSM)\/Coordenadoria de A\u00e7\u00f5es Educacionais (CAEd) divulga publica\u00e7\u00f5es da Revista ARCO.<\/p>\n<p>Site da revista: <a href=\"https:\/\/www.ufsm.br\/midias\/arco\/\" target=\"_blank\" rel=\"noopener\" data-saferedirecturl=\"https:\/\/www.google.com\/url?q=https:\/\/www.ufsm.br\/midias\/arco\/&amp;source=gmail&amp;ust=1610536129209000&amp;usg=AFQjCNGbhN59Bor9qmZ2hnoA_BMsJlMitg\">Revista Arco<\/a><\/p>\n<p>Entrevista com <a href=\"https:\/\/www.ufsm.br\/midias\/arco\/paola_mello\/\" target=\"_blank\" rel=\"noopener\" data-saferedirecturl=\"https:\/\/www.google.com\/url?q=https:\/\/www.ufsm.br\/midias\/arco\/paola_mello\/&amp;source=gmail&amp;ust=1610536129209000&amp;usg=AFQjCNH3sP5iPtrPnb_6wyHRdlLK_nBlUw\">pesquisadora qu\u00edmica Paola Mello<\/a><\/p>\n<p><a href=\"https:\/\/www.ufsm.br\/midias\/arco\/maternidade-pandemia\/\" target=\"_blank\" rel=\"noopener\" data-saferedirecturl=\"https:\/\/www.google.com\/url?q=https:\/\/www.ufsm.br\/midias\/arco\/maternidade-pandemia\/&amp;source=gmail&amp;ust=1610536129209000&amp;usg=AFQjCNHq0Edxx-lJ-o1KB1NRYA4kEltPsg\">Maternidade no contexto da pandemia<\/a><\/p>\n","protected":false},"excerpt":{"rendered":"<p>A Universidade Federal de Santa Maria (UFSM)\/Coordenadoria de A\u00e7\u00f5es Educacionais (CAEd) divulga publica\u00e7\u00f5es da Revista ARCO. Site da revista: Revista Arco Entrevista com pesquisadora qu\u00edmica Paola Mello Maternidade no contexto da pandemia<\/p>\n","protected":false},"author":252,"featured_media":0,"comment_status":"closed","ping_status":"closed","sticky":false,"template":"","format":"standard","meta":{"footnotes":""},"categories":[1],"tags":[],"class_list":["post-3751","post","type-post","status-publish","format-standard","hentry","category-sem-categoria"],"acf":[],"_links":{"self":[{"href":"https:\/\/www.ufsm.br\/pro-reitorias\/prograd\/caed\/wp-json\/wp\/v2\/posts\/3751","targetHints":{"allow":["GET"]}}],"collection":[{"href":"https:\/\/www.ufsm.br\/pro-reitorias\/prograd\/caed\/wp-json\/wp\/v2\/posts"}],"about":[{"href":"https:\/\/www.ufsm.br\/pro-reitorias\/prograd\/caed\/wp-json\/wp\/v2\/types\/post"}],"author":[{"embeddable":true,"href":"https:\/\/www.ufsm.br\/pro-reitorias\/prograd\/caed\/wp-json\/wp\/v2\/users\/252"}],"replies":[{"embeddable":true,"href":"https:\/\/www.ufsm.br\/pro-reitorias\/prograd\/caed\/wp-json\/wp\/v2\/comments?post=3751"}],"version-history":[{"count":0,"href":"https:\/\/www.ufsm.br\/pro-reitorias\/prograd\/caed\/wp-json\/wp\/v2\/posts\/3751\/revisions"}],"wp:attachment":[{"href":"https:\/\/www.ufsm.br\/pro-reitorias\/prograd\/caed\/wp-json\/wp\/v2\/media?parent=3751"}],"wp:term":[{"taxonomy":"category","embeddable":true,"href":"https:\/\/www.ufsm.br\/pro-reitorias\/prograd\/caed\/wp-json\/wp\/v2\/categories?post=3751"},{"taxonomy":"post_tag","embeddable":true,"href":"https:\/\/www.ufsm.br\/pro-reitorias\/prograd\/caed\/wp-json\/wp\/v2\/tags?post=3751"}],"curies":[{"name":"wp","href":"https:\/\/api.w.org\/{rel}","templated":true}]}}