{"id":3752,"date":"2021-01-12T14:05:13","date_gmt":"2021-01-12T17:05:13","guid":{"rendered":"https:\/\/www.ufsm.br\/orgaos-executivos\/caed\/?p=3752"},"modified":"2021-01-12T14:05:15","modified_gmt":"2021-01-12T17:05:15","slug":"observatorio-de-direitos-humanos-mostra-de-projetos-de-extensao-da-pro-reitoria-de-extensao-pre","status":"publish","type":"post","link":"https:\/\/www.ufsm.br\/pro-reitorias\/prograd\/caed\/2021\/01\/12\/observatorio-de-direitos-humanos-mostra-de-projetos-de-extensao-da-pro-reitoria-de-extensao-pre","title":{"rendered":"OBSERVAT\u00d3RIO DE DIREITOS HUMANOS &#8211; MOSTRA DE PROJETOS DE EXTENS\u00c3O DA PR\u00d3-REITORIA DE EXTENS\u00c3O (PRE)"},"content":{"rendered":"\n<p>A Universidade Federal de Santa Maria (UFSM)\/ Coordenadoria de A\u00e7\u00f5es Educacionais (CAEd) soma-se \u00e0 Pr\u00f3-Reitoria de Extens\u00e3o (PRE) na divulga\u00e7\u00e3o \u00a0da Mostra de Projetos de Extens\u00e3o do Observat\u00f3rio de Direitos Humanos.<\/p>\n<p>Maiores informa\u00e7\u00f5es podem ser acessadas em <a href=\"https:\/\/www.ufsm.br\/pro-reitorias\/pre\/observatorio-de-direitos-humanos\/iii-forum-de-direitos-humanos-da-ufsm\/\" target=\"_blank\" rel=\"noopener\" data-saferedirecturl=\"https:\/\/www.google.com\/url?q=https:\/\/www.ufsm.br\/pro-reitorias\/pre\/observatorio-de-direitos-humanos\/iii-forum-de-direitos-humanos-da-ufsm\/&amp;source=gmail&amp;ust=1610536129209000&amp;usg=AFQjCNHWY3eg4GVnrtaI24bqPa1cm1ZprA\">Mostra de Projetos<\/a><\/p>\n","protected":false},"excerpt":{"rendered":"<p>A Universidade Federal de Santa Maria (UFSM)\/ Coordenadoria de A\u00e7\u00f5es Educacionais (CAEd) soma-se \u00e0 Pr\u00f3-Reitoria de Extens\u00e3o (PRE) na divulga\u00e7\u00e3o \u00a0da Mostra de Projetos de Extens\u00e3o do Observat\u00f3rio de Direitos Humanos. Maiores informa\u00e7\u00f5es podem ser acessadas em Mostra de Projetos<\/p>\n","protected":false},"author":252,"featured_media":0,"comment_status":"closed","ping_status":"closed","sticky":false,"template":"","format":"standard","meta":{"footnotes":""},"categories":[1],"tags":[],"class_list":["post-3752","post","type-post","status-publish","format-standard","hentry","category-sem-categoria"],"acf":[],"_links":{"self":[{"href":"https:\/\/www.ufsm.br\/pro-reitorias\/prograd\/caed\/wp-json\/wp\/v2\/posts\/3752","targetHints":{"allow":["GET"]}}],"collection":[{"href":"https:\/\/www.ufsm.br\/pro-reitorias\/prograd\/caed\/wp-json\/wp\/v2\/posts"}],"about":[{"href":"https:\/\/www.ufsm.br\/pro-reitorias\/prograd\/caed\/wp-json\/wp\/v2\/types\/post"}],"author":[{"embeddable":true,"href":"https:\/\/www.ufsm.br\/pro-reitorias\/prograd\/caed\/wp-json\/wp\/v2\/users\/252"}],"replies":[{"embeddable":true,"href":"https:\/\/www.ufsm.br\/pro-reitorias\/prograd\/caed\/wp-json\/wp\/v2\/comments?post=3752"}],"version-history":[{"count":0,"href":"https:\/\/www.ufsm.br\/pro-reitorias\/prograd\/caed\/wp-json\/wp\/v2\/posts\/3752\/revisions"}],"wp:attachment":[{"href":"https:\/\/www.ufsm.br\/pro-reitorias\/prograd\/caed\/wp-json\/wp\/v2\/media?parent=3752"}],"wp:term":[{"taxonomy":"category","embeddable":true,"href":"https:\/\/www.ufsm.br\/pro-reitorias\/prograd\/caed\/wp-json\/wp\/v2\/categories?post=3752"},{"taxonomy":"post_tag","embeddable":true,"href":"https:\/\/www.ufsm.br\/pro-reitorias\/prograd\/caed\/wp-json\/wp\/v2\/tags?post=3752"}],"curies":[{"name":"wp","href":"https:\/\/api.w.org\/{rel}","templated":true}]}}