{"id":3755,"date":"2021-01-12T14:08:26","date_gmt":"2021-01-12T17:08:26","guid":{"rendered":"https:\/\/www.ufsm.br\/orgaos-executivos\/caed\/?p=3755"},"modified":"2021-01-12T14:08:28","modified_gmt":"2021-01-12T17:08:28","slug":"projeto-de-extensao-do-curso-de-terapia-ocupacional","status":"publish","type":"post","link":"https:\/\/www.ufsm.br\/pro-reitorias\/prograd\/caed\/2021\/01\/12\/projeto-de-extensao-do-curso-de-terapia-ocupacional","title":{"rendered":"PROJETO DE EXTENS\u00c3O DO CURSO DE TERAPIA OCUPACIONAL"},"content":{"rendered":"\n<p>A Universidade Federal de Santa Maria (UFSM)\/ Coordenadoria de A\u00e7\u00f5es Educacionais (CAEd) soma-se a divulga\u00e7\u00e3o do projeto de extens\u00e3o do Centro de Ci\u00eancias da Sa\u00fade (CCS), do curso de Terapia Ocupacional.\u00a0<\/p>\n<p>Maiores informa\u00e7\u00f5es podem ser acessadas em \u00a0<a href=\"https:\/\/www.ufsm.br\/2021\/01\/11\/projeto-aqui-tem-ufsm-apresenta-iniciativa-do-curso-de-terapia-ocupacional\/\" target=\"_blank\" rel=\"noopener\" data-saferedirecturl=\"https:\/\/www.google.com\/url?q=https:\/\/www.ufsm.br\/2021\/01\/11\/projeto-aqui-tem-ufsm-apresenta-iniciativa-do-curso-de-terapia-ocupacional\/&amp;source=gmail&amp;ust=1610536129209000&amp;usg=AFQjCNGFLXlTLPKNJdJCCk9YTJJsnG4TVQ\">Projeto de Extens\u00e3o da Terapia Ocupacional<\/a><\/p>\n","protected":false},"excerpt":{"rendered":"<p>A Universidade Federal de Santa Maria (UFSM)\/ Coordenadoria de A\u00e7\u00f5es Educacionais (CAEd) soma-se a divulga\u00e7\u00e3o do projeto de extens\u00e3o do Centro de Ci\u00eancias da Sa\u00fade (CCS), do curso de Terapia Ocupacional.\u00a0 Maiores informa\u00e7\u00f5es podem ser acessadas em \u00a0Projeto de Extens\u00e3o da Terapia Ocupacional<\/p>\n","protected":false},"author":252,"featured_media":0,"comment_status":"closed","ping_status":"closed","sticky":false,"template":"","format":"standard","meta":{"footnotes":""},"categories":[1],"tags":[],"class_list":["post-3755","post","type-post","status-publish","format-standard","hentry","category-sem-categoria"],"acf":[],"_links":{"self":[{"href":"https:\/\/www.ufsm.br\/pro-reitorias\/prograd\/caed\/wp-json\/wp\/v2\/posts\/3755","targetHints":{"allow":["GET"]}}],"collection":[{"href":"https:\/\/www.ufsm.br\/pro-reitorias\/prograd\/caed\/wp-json\/wp\/v2\/posts"}],"about":[{"href":"https:\/\/www.ufsm.br\/pro-reitorias\/prograd\/caed\/wp-json\/wp\/v2\/types\/post"}],"author":[{"embeddable":true,"href":"https:\/\/www.ufsm.br\/pro-reitorias\/prograd\/caed\/wp-json\/wp\/v2\/users\/252"}],"replies":[{"embeddable":true,"href":"https:\/\/www.ufsm.br\/pro-reitorias\/prograd\/caed\/wp-json\/wp\/v2\/comments?post=3755"}],"version-history":[{"count":0,"href":"https:\/\/www.ufsm.br\/pro-reitorias\/prograd\/caed\/wp-json\/wp\/v2\/posts\/3755\/revisions"}],"wp:attachment":[{"href":"https:\/\/www.ufsm.br\/pro-reitorias\/prograd\/caed\/wp-json\/wp\/v2\/media?parent=3755"}],"wp:term":[{"taxonomy":"category","embeddable":true,"href":"https:\/\/www.ufsm.br\/pro-reitorias\/prograd\/caed\/wp-json\/wp\/v2\/categories?post=3755"},{"taxonomy":"post_tag","embeddable":true,"href":"https:\/\/www.ufsm.br\/pro-reitorias\/prograd\/caed\/wp-json\/wp\/v2\/tags?post=3755"}],"curies":[{"name":"wp","href":"https:\/\/api.w.org\/{rel}","templated":true}]}}