{"id":3763,"date":"2021-01-14T21:11:31","date_gmt":"2021-01-15T00:11:31","guid":{"rendered":"https:\/\/www.ufsm.br\/orgaos-executivos\/caed\/?p=3763"},"modified":"2021-01-14T21:15:26","modified_gmt":"2021-01-15T00:15:26","slug":"palestra-a-extensao-como-dispositivo-social-transformador-do-aluno","status":"publish","type":"post","link":"https:\/\/www.ufsm.br\/pro-reitorias\/prograd\/caed\/2021\/01\/14\/palestra-a-extensao-como-dispositivo-social-transformador-do-aluno","title":{"rendered":"PALESTRA  &#8211; A EXTENS\u00c3O COMO DISPOSITIVO SOCIAL TRANSFORMADOR DO ALUNO"},"content":{"rendered":"\n<p>A Universidade Federal de Santa Maria(UFSM)\/Coordenadoria de A\u00e7\u00f5es Educacionais(CAEd) convidam para a palestra intitulada <strong>&#8220;A EXTENS\u00c3O COMO DISPOSITIVO SOCIAL TRANSFORMADOR DO ALUNO&#8221;<\/strong>, dia 21 de janeiro de 2021, \u00e0s 14h00min, com a terapeuta ocupacional Suzel Lima da Silva.\u00a0<\/p>\n<p>Inscri\u00e7\u00f5es podem ser realizadas no link <a href=\"https:\/\/forms.gle\/Va2xp41Vjf4J51dm9\">https:\/\/forms.gle\/Va2xp41Vjf4J51dm9\u00a0<\/a><\/p>\n<p><strong>Descri\u00e7\u00e3o de imagem:<\/strong> cartaz virtual para divulga\u00e7\u00e3o de palestra. Na parte superior da imagem, est\u00e1 escrito \u201cA Extens\u00e3o como Dispositivo Social Transformador do Aluno\u201d, em letras brancas. Abaixo, l\u00ea-se \u201cTerapeuta Ocupacional Suzel Lima da Silva\u201d, tamb\u00e9m em tom branco. Na sequ\u00eancia, est\u00e1 escrito \u201cPalestra 21\/01\u201d \u2013 14h\u201d, em letras brancas. Na lateral esquerda da imagem, h\u00e1 a ilustra\u00e7\u00e3o de uma l\u00e2mpada, na cor branca. Na parte inferior esquerda, o logotipo comemorativo \u201cUFSM 60 anos\u201d, em azul. Na parte inferior direita, est\u00e1 escrito \u201cCAED Coordenadoria de A\u00e7\u00f5es Educacionais\u201d, escrito em preto. O fundo da imagem \u00e9 em degrad\u00ea, transicionando da cor rosa para o roxo, no sentido da parte superior para a inferior.<\/p>\n<p><img fetchpriority=\"high\" decoding=\"async\" class=\"alignnone size-medium wp-image-3764 aligncenter\" src=\"https:\/\/www.ufsm.br\/app\/uploads\/sites\/391\/2021\/01\/PALESTRA--212x300.jpg\" alt=\"\" width=\"212\" height=\"300\" srcset=\"https:\/\/www.ufsm.br\/app\/uploads\/sites\/391\/2021\/01\/PALESTRA--212x300.jpg 212w, https:\/\/www.ufsm.br\/app\/uploads\/sites\/391\/2021\/01\/PALESTRA--724x1024.jpg 724w, https:\/\/www.ufsm.br\/app\/uploads\/sites\/391\/2021\/01\/PALESTRA--768x1086.jpg 768w, https:\/\/www.ufsm.br\/app\/uploads\/sites\/391\/2021\/01\/PALESTRA--1086x1536.jpg 1086w, https:\/\/www.ufsm.br\/app\/uploads\/sites\/391\/2021\/01\/PALESTRA--1448x2048.jpg 1448w, https:\/\/www.ufsm.br\/app\/uploads\/sites\/391\/2021\/01\/PALESTRA-.jpg 1587w\" sizes=\"(max-width: 212px) 100vw, 212px\" \/><\/p>\n","protected":false},"excerpt":{"rendered":"<p>A Universidade Federal de Santa Maria(UFSM)\/Coordenadoria de A\u00e7\u00f5es Educacionais(CAEd) convidam para a palestra intitulada &#8220;A EXTENS\u00c3O COMO DISPOSITIVO SOCIAL TRANSFORMADOR DO ALUNO&#8221;, dia 21 de janeiro de 2021, \u00e0s 14h00min, com a terapeuta ocupacional Suzel Lima da Silva.\u00a0 Inscri\u00e7\u00f5es podem ser realizadas no link https:\/\/forms.gle\/Va2xp41Vjf4J51dm9\u00a0 Descri\u00e7\u00e3o de imagem: cartaz virtual para divulga\u00e7\u00e3o de palestra. Na [&hellip;]<\/p>\n","protected":false},"author":252,"featured_media":0,"comment_status":"closed","ping_status":"closed","sticky":false,"template":"","format":"standard","meta":{"footnotes":""},"categories":[1],"tags":[],"class_list":["post-3763","post","type-post","status-publish","format-standard","hentry","category-sem-categoria"],"acf":[],"_links":{"self":[{"href":"https:\/\/www.ufsm.br\/pro-reitorias\/prograd\/caed\/wp-json\/wp\/v2\/posts\/3763","targetHints":{"allow":["GET"]}}],"collection":[{"href":"https:\/\/www.ufsm.br\/pro-reitorias\/prograd\/caed\/wp-json\/wp\/v2\/posts"}],"about":[{"href":"https:\/\/www.ufsm.br\/pro-reitorias\/prograd\/caed\/wp-json\/wp\/v2\/types\/post"}],"author":[{"embeddable":true,"href":"https:\/\/www.ufsm.br\/pro-reitorias\/prograd\/caed\/wp-json\/wp\/v2\/users\/252"}],"replies":[{"embeddable":true,"href":"https:\/\/www.ufsm.br\/pro-reitorias\/prograd\/caed\/wp-json\/wp\/v2\/comments?post=3763"}],"version-history":[{"count":0,"href":"https:\/\/www.ufsm.br\/pro-reitorias\/prograd\/caed\/wp-json\/wp\/v2\/posts\/3763\/revisions"}],"wp:attachment":[{"href":"https:\/\/www.ufsm.br\/pro-reitorias\/prograd\/caed\/wp-json\/wp\/v2\/media?parent=3763"}],"wp:term":[{"taxonomy":"category","embeddable":true,"href":"https:\/\/www.ufsm.br\/pro-reitorias\/prograd\/caed\/wp-json\/wp\/v2\/categories?post=3763"},{"taxonomy":"post_tag","embeddable":true,"href":"https:\/\/www.ufsm.br\/pro-reitorias\/prograd\/caed\/wp-json\/wp\/v2\/tags?post=3763"}],"curies":[{"name":"wp","href":"https:\/\/api.w.org\/{rel}","templated":true}]}}