{"id":3812,"date":"2021-01-18T15:44:21","date_gmt":"2021-01-18T18:44:21","guid":{"rendered":"https:\/\/www.ufsm.br\/orgaos-executivos\/caed\/?p=3812"},"modified":"2021-01-18T15:48:30","modified_gmt":"2021-01-18T18:48:30","slug":"ceu-sol-e-mar-a-travessia-livro-literario-sobre-direitos-humanos","status":"publish","type":"post","link":"https:\/\/www.ufsm.br\/pro-reitorias\/prograd\/caed\/2021\/01\/18\/ceu-sol-e-mar-a-travessia-livro-literario-sobre-direitos-humanos","title":{"rendered":"&#8220;C\u00c9U, SOL E MAR: A TRAVESSIA&#8221; &#8211; OBRA LITER\u00c1RIA SOBRE DIREITOS HUMANOS"},"content":{"rendered":"\n<p>A Universidade Federal de Santa Maria(UFSM)\/Coordenadoria de A\u00e7\u00f5es Educacionais(CAEd) soma-se \u00e0 divulga\u00e7\u00e3o do livro, em anexo, intitulado <strong>C\u00e9u, Sol e Mar: a travessia<\/strong>, de autoria do Prof. Dr. Lucas Visentini.\u00a0<\/p>\n<p>O livro aborda temas delicados e atuais, que s\u00e3o os conflitos b\u00e9licos no Oriente M\u00e9dio, os refugiados e as ondas migrat\u00f3rias formadas pelas v\u00edtimas de tais eventos, destacando-se as crian\u00e7as e os jovens que passam por tal situa\u00e7\u00e3o.\u00a0<br \/><br \/>O livro de literatura infanto-juvenil tem como personagem principal o jovem Qudamah, menino refugiado s\u00edrio que, por meio de uma travessia acompanhada pelo c\u00e9u, pelo sol e pelo mar, enfrenta as intermit\u00eancias de uma viagem, cujo destino \u00e9 t\u00e3o incerto quanto perigoso.<br \/><br \/>\u00c9 importante salientar que a obra aborda de maneira singular a quest\u00e3o dos Direitos Humanos, a partir do pensador chileno Humberto Maturana, sendo esse um dos temas apresentados na tese de Doutorado em Educa\u00e7\u00e3o, defendida pelo autor, em 2020, no Programa de P\u00f3s-Gradua\u00e7\u00e3o em Educa\u00e7\u00e3o da UFSM. O referido tema tamb\u00e9m \u00e9 um dos assuntos de pesquisa do autor e do Grupo de Pesquisa no qual o escritor participa, o KITANDA (UFSM).<\/p>\n<p><a href=\"https:\/\/www.ufsm.br\/app\/uploads\/sites\/391\/2021\/01\/CEU-SOL-E-MAR-A-TRAVESSIA-LUCAS-VISENTINI.pdf\">C\u00c9U, SOL E MAR &#8211; A TRAVESSIA &#8211; LUCAS VISENTINI<\/a><\/p>\n","protected":false},"excerpt":{"rendered":"<p>A Universidade Federal de Santa Maria(UFSM)\/Coordenadoria de A\u00e7\u00f5es Educacionais(CAEd) soma-se \u00e0 divulga\u00e7\u00e3o do livro, em anexo, intitulado C\u00e9u, Sol e Mar: a travessia, de autoria do Prof. Dr. Lucas Visentini.\u00a0 O livro aborda temas delicados e atuais, que s\u00e3o os conflitos b\u00e9licos no Oriente M\u00e9dio, os refugiados e as ondas migrat\u00f3rias formadas pelas v\u00edtimas de [&hellip;]<\/p>\n","protected":false},"author":252,"featured_media":0,"comment_status":"closed","ping_status":"closed","sticky":false,"template":"","format":"standard","meta":{"footnotes":""},"categories":[1],"tags":[],"class_list":["post-3812","post","type-post","status-publish","format-standard","hentry","category-sem-categoria"],"acf":[],"_links":{"self":[{"href":"https:\/\/www.ufsm.br\/pro-reitorias\/prograd\/caed\/wp-json\/wp\/v2\/posts\/3812","targetHints":{"allow":["GET"]}}],"collection":[{"href":"https:\/\/www.ufsm.br\/pro-reitorias\/prograd\/caed\/wp-json\/wp\/v2\/posts"}],"about":[{"href":"https:\/\/www.ufsm.br\/pro-reitorias\/prograd\/caed\/wp-json\/wp\/v2\/types\/post"}],"author":[{"embeddable":true,"href":"https:\/\/www.ufsm.br\/pro-reitorias\/prograd\/caed\/wp-json\/wp\/v2\/users\/252"}],"replies":[{"embeddable":true,"href":"https:\/\/www.ufsm.br\/pro-reitorias\/prograd\/caed\/wp-json\/wp\/v2\/comments?post=3812"}],"version-history":[{"count":0,"href":"https:\/\/www.ufsm.br\/pro-reitorias\/prograd\/caed\/wp-json\/wp\/v2\/posts\/3812\/revisions"}],"wp:attachment":[{"href":"https:\/\/www.ufsm.br\/pro-reitorias\/prograd\/caed\/wp-json\/wp\/v2\/media?parent=3812"}],"wp:term":[{"taxonomy":"category","embeddable":true,"href":"https:\/\/www.ufsm.br\/pro-reitorias\/prograd\/caed\/wp-json\/wp\/v2\/categories?post=3812"},{"taxonomy":"post_tag","embeddable":true,"href":"https:\/\/www.ufsm.br\/pro-reitorias\/prograd\/caed\/wp-json\/wp\/v2\/tags?post=3812"}],"curies":[{"name":"wp","href":"https:\/\/api.w.org\/{rel}","templated":true}]}}