{"id":3816,"date":"2021-01-18T16:33:11","date_gmt":"2021-01-18T19:33:11","guid":{"rendered":"https:\/\/www.ufsm.br\/orgaos-executivos\/caed\/?p=3816"},"modified":"2021-01-18T16:48:46","modified_gmt":"2021-01-18T19:48:46","slug":"ufsm-fara-reuniao-aberta-para-tratar-sobre-perspectivas-para-o-retorno-presencial-das-atividades-em-2021","status":"publish","type":"post","link":"https:\/\/www.ufsm.br\/pro-reitorias\/prograd\/caed\/2021\/01\/18\/ufsm-fara-reuniao-aberta-para-tratar-sobre-perspectivas-para-o-retorno-presencial-das-atividades-em-2021","title":{"rendered":"UFSM FAR\u00c1 REUNI\u00c3O ABERTA PARA TRATAR SOBRE PERSPECTIVAS PARA O RETORNO PRESENCIAL DAS ATIVIDADES EM 2021"},"content":{"rendered":"\n<p>A Universidade Federal de Santa Maria(UFSM)\/Coordenadoria de A\u00e7\u00f5es Educacionais(CAEd) soma-se \u00e0 divulga\u00e7\u00e3o de reuni\u00e3o sobre a perspectiva para o retorno presencial das atividades em 2021, que ocorrer\u00e1 dia <strong>20\/01\/21 (quarta-feira), \u00e0s 10h00min, sendo transmitida pelo <a href=\"https:\/\/farol.ufsm.br\/\" target=\"_blank\" rel=\"noopener\" data-saferedirecturl=\"https:\/\/www.google.com\/url?q=https:\/\/farol.ufsm.br\/&amp;source=gmail&amp;ust=1611078043773000&amp;usg=AFQjCNGn0nxUkKAFXJAEVtjLTM2H3yGaWg\">Farol\u00a0<\/a>e\u00a0YouTube da\u00a0<a href=\"https:\/\/bit.ly\/3imNwjI\" target=\"_blank\" rel=\"noopener\" data-saferedirecturl=\"https:\/\/www.google.com\/url?q=https:\/\/bit.ly\/3imNwjI&amp;source=gmail&amp;ust=1611078043773000&amp;usg=AFQjCNEpTCInlXdGktEZDsUvMc0Y-EtCJw\">Prograd UFSM.<\/a><\/strong><\/p>\n<p>Maiores informa\u00e7\u00f5es em\u00a0<a href=\"https:\/\/www.ufsm.br\/2021\/01\/18\/ufsm-fara-reuniao-aberta-para-tratar-sobre-perspectivas-para-o-retorno-presencial-das-atividades-em-2021\/\">https:\/\/www.ufsm.br\/2021\/01\/18\/ufsm-fara-reuniao-aberta-para-tratar-sobre-perspectivas-para-o-retorno-presencial-das-atividades-em-2021\/<\/a><\/p>\n","protected":false},"excerpt":{"rendered":"<p>A Universidade Federal de Santa Maria(UFSM)\/Coordenadoria de A\u00e7\u00f5es Educacionais(CAEd) soma-se \u00e0 divulga\u00e7\u00e3o de reuni\u00e3o sobre a perspectiva para o retorno presencial das atividades em 2021, que ocorrer\u00e1 dia 20\/01\/21 (quarta-feira), \u00e0s 10h00min, sendo transmitida pelo Farol\u00a0e\u00a0YouTube da\u00a0Prograd UFSM. Maiores informa\u00e7\u00f5es em\u00a0https:\/\/www.ufsm.br\/2021\/01\/18\/ufsm-fara-reuniao-aberta-para-tratar-sobre-perspectivas-para-o-retorno-presencial-das-atividades-em-2021\/<\/p>\n","protected":false},"author":252,"featured_media":0,"comment_status":"closed","ping_status":"closed","sticky":false,"template":"","format":"standard","meta":{"footnotes":""},"categories":[1],"tags":[],"class_list":["post-3816","post","type-post","status-publish","format-standard","hentry","category-sem-categoria"],"acf":[],"_links":{"self":[{"href":"https:\/\/www.ufsm.br\/pro-reitorias\/prograd\/caed\/wp-json\/wp\/v2\/posts\/3816","targetHints":{"allow":["GET"]}}],"collection":[{"href":"https:\/\/www.ufsm.br\/pro-reitorias\/prograd\/caed\/wp-json\/wp\/v2\/posts"}],"about":[{"href":"https:\/\/www.ufsm.br\/pro-reitorias\/prograd\/caed\/wp-json\/wp\/v2\/types\/post"}],"author":[{"embeddable":true,"href":"https:\/\/www.ufsm.br\/pro-reitorias\/prograd\/caed\/wp-json\/wp\/v2\/users\/252"}],"replies":[{"embeddable":true,"href":"https:\/\/www.ufsm.br\/pro-reitorias\/prograd\/caed\/wp-json\/wp\/v2\/comments?post=3816"}],"version-history":[{"count":0,"href":"https:\/\/www.ufsm.br\/pro-reitorias\/prograd\/caed\/wp-json\/wp\/v2\/posts\/3816\/revisions"}],"wp:attachment":[{"href":"https:\/\/www.ufsm.br\/pro-reitorias\/prograd\/caed\/wp-json\/wp\/v2\/media?parent=3816"}],"wp:term":[{"taxonomy":"category","embeddable":true,"href":"https:\/\/www.ufsm.br\/pro-reitorias\/prograd\/caed\/wp-json\/wp\/v2\/categories?post=3816"},{"taxonomy":"post_tag","embeddable":true,"href":"https:\/\/www.ufsm.br\/pro-reitorias\/prograd\/caed\/wp-json\/wp\/v2\/tags?post=3816"}],"curies":[{"name":"wp","href":"https:\/\/api.w.org\/{rel}","templated":true}]}}