{"id":3817,"date":"2021-01-18T16:39:12","date_gmt":"2021-01-18T19:39:12","guid":{"rendered":"https:\/\/www.ufsm.br\/orgaos-executivos\/caed\/?p=3817"},"modified":"2021-01-18T16:39:14","modified_gmt":"2021-01-18T19:39:14","slug":"ufsm-60-anos-depoimentos-da-comunidade-academica","status":"publish","type":"post","link":"https:\/\/www.ufsm.br\/pro-reitorias\/prograd\/caed\/2021\/01\/18\/ufsm-60-anos-depoimentos-da-comunidade-academica","title":{"rendered":"UFSM 60 ANOS &#8211; DEPOIMENTOS DA COMUNIDADE ACAD\u00caMICA"},"content":{"rendered":"\n<p>A Universidade Federal de Santa Maria(UFSM)\/Coordenadoria de A\u00e7\u00f5es Educacionais(CAEd) soma-se \u00e0 divulga\u00e7\u00e3o dos depoimentos da comunidade acad\u00eamica da UFSM, por ocasi\u00e3o do anivers\u00e1rio de 60 anos dessa institui\u00e7\u00e3o de ensino superior.\u00a0<\/p>\n<p>Os depoimentos podem ser conferidos em\u00a0<a href=\"https:\/\/www.ufsm.br\/depoimentos-60-anos-ufsm\/\">https:\/\/www.ufsm.br\/depoimentos-60-anos-ufsm\/<\/a><\/p>\n","protected":false},"excerpt":{"rendered":"<p>A Universidade Federal de Santa Maria(UFSM)\/Coordenadoria de A\u00e7\u00f5es Educacionais(CAEd) soma-se \u00e0 divulga\u00e7\u00e3o dos depoimentos da comunidade acad\u00eamica da UFSM, por ocasi\u00e3o do anivers\u00e1rio de 60 anos dessa institui\u00e7\u00e3o de ensino superior.\u00a0 Os depoimentos podem ser conferidos em\u00a0https:\/\/www.ufsm.br\/depoimentos-60-anos-ufsm\/<\/p>\n","protected":false},"author":252,"featured_media":0,"comment_status":"closed","ping_status":"closed","sticky":false,"template":"","format":"standard","meta":{"footnotes":""},"categories":[1],"tags":[],"class_list":["post-3817","post","type-post","status-publish","format-standard","hentry","category-sem-categoria"],"acf":[],"_links":{"self":[{"href":"https:\/\/www.ufsm.br\/pro-reitorias\/prograd\/caed\/wp-json\/wp\/v2\/posts\/3817","targetHints":{"allow":["GET"]}}],"collection":[{"href":"https:\/\/www.ufsm.br\/pro-reitorias\/prograd\/caed\/wp-json\/wp\/v2\/posts"}],"about":[{"href":"https:\/\/www.ufsm.br\/pro-reitorias\/prograd\/caed\/wp-json\/wp\/v2\/types\/post"}],"author":[{"embeddable":true,"href":"https:\/\/www.ufsm.br\/pro-reitorias\/prograd\/caed\/wp-json\/wp\/v2\/users\/252"}],"replies":[{"embeddable":true,"href":"https:\/\/www.ufsm.br\/pro-reitorias\/prograd\/caed\/wp-json\/wp\/v2\/comments?post=3817"}],"version-history":[{"count":0,"href":"https:\/\/www.ufsm.br\/pro-reitorias\/prograd\/caed\/wp-json\/wp\/v2\/posts\/3817\/revisions"}],"wp:attachment":[{"href":"https:\/\/www.ufsm.br\/pro-reitorias\/prograd\/caed\/wp-json\/wp\/v2\/media?parent=3817"}],"wp:term":[{"taxonomy":"category","embeddable":true,"href":"https:\/\/www.ufsm.br\/pro-reitorias\/prograd\/caed\/wp-json\/wp\/v2\/categories?post=3817"},{"taxonomy":"post_tag","embeddable":true,"href":"https:\/\/www.ufsm.br\/pro-reitorias\/prograd\/caed\/wp-json\/wp\/v2\/tags?post=3817"}],"curies":[{"name":"wp","href":"https:\/\/api.w.org\/{rel}","templated":true}]}}