{"id":3849,"date":"2021-01-27T13:46:01","date_gmt":"2021-01-27T16:46:01","guid":{"rendered":"https:\/\/www.ufsm.br\/orgaos-executivos\/caed\/?p=3849"},"modified":"2021-01-27T13:53:18","modified_gmt":"2021-01-27T16:53:18","slug":"perspectivas-da-volta-das-atividaes-presenciais-na-ufsm-resumo-da-reuniao","status":"publish","type":"post","link":"https:\/\/www.ufsm.br\/pro-reitorias\/prograd\/caed\/2021\/01\/27\/perspectivas-da-volta-das-atividaes-presenciais-na-ufsm-resumo-da-reuniao","title":{"rendered":"PERSPECTIVAS PARA A VOLTA \u00c0S ATIVIDADES PRESENCIAIS NA UFSM &#8211; RESUMO DA REUNI\u00c3O"},"content":{"rendered":"\n<p>A Universidade Federal de Santa Maria (UFSM)\/ Coordenadoria de A\u00e7\u00f5es Educacionais (CAEd) soma-se \u00e0 divulga\u00e7\u00e3o do resumo da reuni\u00e3o que discutiu a volta \u00e0s atividades presenciais.\u00a0<\/p>\n<p>Maiores informa\u00e7\u00f5es no link <a href=\"https:\/\/www.ufsm.br\/2021\/01\/22\/perspectivas-para-o-retorno-presencial-na-ufsm-confira-as-principais-duvidas\/\">https:\/\/www.ufsm.br\/2021\/01\/22\/perspectivas-para-o-retorno-presencial-na-ufsm-confira-as-principais-duvidas\/<\/a><\/p>\n","protected":false},"excerpt":{"rendered":"<p>A Universidade Federal de Santa Maria (UFSM)\/ Coordenadoria de A\u00e7\u00f5es Educacionais (CAEd) soma-se \u00e0 divulga\u00e7\u00e3o do resumo da reuni\u00e3o que discutiu a volta \u00e0s atividades presenciais.\u00a0 Maiores informa\u00e7\u00f5es no link https:\/\/www.ufsm.br\/2021\/01\/22\/perspectivas-para-o-retorno-presencial-na-ufsm-confira-as-principais-duvidas\/<\/p>\n","protected":false},"author":252,"featured_media":0,"comment_status":"closed","ping_status":"closed","sticky":false,"template":"","format":"standard","meta":{"footnotes":""},"categories":[1],"tags":[],"class_list":["post-3849","post","type-post","status-publish","format-standard","hentry","category-sem-categoria"],"acf":[],"_links":{"self":[{"href":"https:\/\/www.ufsm.br\/pro-reitorias\/prograd\/caed\/wp-json\/wp\/v2\/posts\/3849","targetHints":{"allow":["GET"]}}],"collection":[{"href":"https:\/\/www.ufsm.br\/pro-reitorias\/prograd\/caed\/wp-json\/wp\/v2\/posts"}],"about":[{"href":"https:\/\/www.ufsm.br\/pro-reitorias\/prograd\/caed\/wp-json\/wp\/v2\/types\/post"}],"author":[{"embeddable":true,"href":"https:\/\/www.ufsm.br\/pro-reitorias\/prograd\/caed\/wp-json\/wp\/v2\/users\/252"}],"replies":[{"embeddable":true,"href":"https:\/\/www.ufsm.br\/pro-reitorias\/prograd\/caed\/wp-json\/wp\/v2\/comments?post=3849"}],"version-history":[{"count":0,"href":"https:\/\/www.ufsm.br\/pro-reitorias\/prograd\/caed\/wp-json\/wp\/v2\/posts\/3849\/revisions"}],"wp:attachment":[{"href":"https:\/\/www.ufsm.br\/pro-reitorias\/prograd\/caed\/wp-json\/wp\/v2\/media?parent=3849"}],"wp:term":[{"taxonomy":"category","embeddable":true,"href":"https:\/\/www.ufsm.br\/pro-reitorias\/prograd\/caed\/wp-json\/wp\/v2\/categories?post=3849"},{"taxonomy":"post_tag","embeddable":true,"href":"https:\/\/www.ufsm.br\/pro-reitorias\/prograd\/caed\/wp-json\/wp\/v2\/tags?post=3849"}],"curies":[{"name":"wp","href":"https:\/\/api.w.org\/{rel}","templated":true}]}}