{"id":3850,"date":"2021-01-27T13:50:29","date_gmt":"2021-01-27T16:50:29","guid":{"rendered":"https:\/\/www.ufsm.br\/orgaos-executivos\/caed\/?p=3850"},"modified":"2021-01-27T13:50:44","modified_gmt":"2021-01-27T16:50:44","slug":"inventario-patrimonial","status":"publish","type":"post","link":"https:\/\/www.ufsm.br\/pro-reitorias\/prograd\/caed\/2021\/01\/27\/inventario-patrimonial","title":{"rendered":"INVENT\u00c1RIO PATRIMONIAL DA UFSM"},"content":{"rendered":"\n<p>A Universidade Federal de Santa Maria (UFSM)\/ Coordenadoria de A\u00e7\u00f5es Educacionais (CAEd) soma-se \u00e0 divulga\u00e7\u00e3o das informa\u00e7\u00f5es sobre o prazo para finaliza\u00e7\u00e3o do invent\u00e1rio patrimonial da UFSM, sendo esse o dia 31 de janeiro de 2021.\u00a0<\/p>\n<p>Maiores informa\u00e7\u00f5es no link<a href=\"https:\/\/www.ufsm.br\/2021\/01\/22\/ufsm-tem-ate-31-de-janeiro-para-finalizar-a-catalogacao-do-inventario-dos-bens-da-universidade\/\"> https:\/\/www.ufsm.br\/2021\/01\/22\/ufsm-tem-ate-31-de-janeiro-para-finalizar-a-catalogacao-do-inventario-dos-bens-da-universidade\/<\/a><\/p>\n<p>\u00a0<\/p>\n","protected":false},"excerpt":{"rendered":"<p>A Universidade Federal de Santa Maria (UFSM)\/ Coordenadoria de A\u00e7\u00f5es Educacionais (CAEd) soma-se \u00e0 divulga\u00e7\u00e3o das informa\u00e7\u00f5es sobre o prazo para finaliza\u00e7\u00e3o do invent\u00e1rio patrimonial da UFSM, sendo esse o dia 31 de janeiro de 2021.\u00a0 Maiores informa\u00e7\u00f5es no link https:\/\/www.ufsm.br\/2021\/01\/22\/ufsm-tem-ate-31-de-janeiro-para-finalizar-a-catalogacao-do-inventario-dos-bens-da-universidade\/ \u00a0<\/p>\n","protected":false},"author":252,"featured_media":0,"comment_status":"closed","ping_status":"closed","sticky":false,"template":"","format":"standard","meta":{"footnotes":""},"categories":[1],"tags":[],"class_list":["post-3850","post","type-post","status-publish","format-standard","hentry","category-sem-categoria"],"acf":[],"_links":{"self":[{"href":"https:\/\/www.ufsm.br\/pro-reitorias\/prograd\/caed\/wp-json\/wp\/v2\/posts\/3850","targetHints":{"allow":["GET"]}}],"collection":[{"href":"https:\/\/www.ufsm.br\/pro-reitorias\/prograd\/caed\/wp-json\/wp\/v2\/posts"}],"about":[{"href":"https:\/\/www.ufsm.br\/pro-reitorias\/prograd\/caed\/wp-json\/wp\/v2\/types\/post"}],"author":[{"embeddable":true,"href":"https:\/\/www.ufsm.br\/pro-reitorias\/prograd\/caed\/wp-json\/wp\/v2\/users\/252"}],"replies":[{"embeddable":true,"href":"https:\/\/www.ufsm.br\/pro-reitorias\/prograd\/caed\/wp-json\/wp\/v2\/comments?post=3850"}],"version-history":[{"count":0,"href":"https:\/\/www.ufsm.br\/pro-reitorias\/prograd\/caed\/wp-json\/wp\/v2\/posts\/3850\/revisions"}],"wp:attachment":[{"href":"https:\/\/www.ufsm.br\/pro-reitorias\/prograd\/caed\/wp-json\/wp\/v2\/media?parent=3850"}],"wp:term":[{"taxonomy":"category","embeddable":true,"href":"https:\/\/www.ufsm.br\/pro-reitorias\/prograd\/caed\/wp-json\/wp\/v2\/categories?post=3850"},{"taxonomy":"post_tag","embeddable":true,"href":"https:\/\/www.ufsm.br\/pro-reitorias\/prograd\/caed\/wp-json\/wp\/v2\/tags?post=3850"}],"curies":[{"name":"wp","href":"https:\/\/api.w.org\/{rel}","templated":true}]}}