{"id":3866,"date":"2021-02-10T14:01:41","date_gmt":"2021-02-10T17:01:41","guid":{"rendered":"https:\/\/www.ufsm.br\/orgaos-executivos\/caed\/?p=3866"},"modified":"2021-02-10T14:03:03","modified_gmt":"2021-02-10T17:03:03","slug":"serie-elas-na-ciencia","status":"publish","type":"post","link":"https:\/\/www.ufsm.br\/pro-reitorias\/prograd\/caed\/2021\/02\/10\/serie-elas-na-ciencia","title":{"rendered":"S\u00c9RIE &#8220;ELAS NA CI\u00caNCIA&#8221;"},"content":{"rendered":"\n<p>A Universidade Federal de Santa Maria(UFSM)\/Coordenadoria de A\u00e7\u00f5es Educacionais(CAEd) soma-se \u00e0 divulga\u00e7\u00e3o da s\u00e9rie &#8220;Elas na Ci\u00eancia&#8221;.\u00a0<\/p>\n<p>Nesta quinta-feira, 11 de fevereiro de 2021, Dia internacional da Mulher na Ci\u00eancia, a <b><a href=\"https:\/\/www.ufsm.br\/midias\/tvcampus\/\" target=\"_blank\" rel=\"noopener\" data-saferedirecturl=\"https:\/\/www.google.com\/url?q=https:\/\/www.ufsm.br\/midias\/tvcampus\/&amp;source=gmail&amp;ust=1612887443079000&amp;usg=AFQjCNHAZ9DceSvxBbYntGscpDlgwIvXWQ\">TV Campus<\/a><\/b>\u00a0lan\u00e7a a s\u00e9rie\u00a0<b>Elas na Ci\u00eancia<\/b>. A universidade conta hoje com 1.147 professoras. S\u00e3o mulheres que contribuem para o desenvolvimento de pesquisas nas mais diversas \u00e1reas. Um universo vasto e inspirador para o ELAS NA CI\u00caNCIA, nova s\u00e9rie da TV CAMPUS, que vai apresentar a trajet\u00f3ria de algumas dessas pesquisadoras e o impacto do trabalho delas para a sociedade. A s\u00e9rie ter\u00e1 09 epis\u00f3dios em sua primeira edi\u00e7\u00e3o e ser\u00e1 exibida no canal 15 da NET e nas redes sociais da emissora e UFSM. \u00c9 poss\u00edvel compartilhar todos os programas ou aqueles relacionados \u00e0 \u00e1rea de ensino da sua unidade a partir do <b><a href=\"https:\/\/www.facebook.com\/tvcampus\" target=\"_blank\" rel=\"noopener\" data-saferedirecturl=\"https:\/\/www.google.com\/url?q=https:\/\/www.facebook.com\/tvcampus&amp;source=gmail&amp;ust=1612887443079000&amp;usg=AFQjCNHXLNw2KEpEAsceI4GvvudMMopDzQ\">Facebook da TV Campus<\/a><\/b>\u00a0ou da UFSM.<\/p>\n","protected":false},"excerpt":{"rendered":"<p>A Universidade Federal de Santa Maria(UFSM)\/Coordenadoria de A\u00e7\u00f5es Educacionais(CAEd) soma-se \u00e0 divulga\u00e7\u00e3o da s\u00e9rie &#8220;Elas na Ci\u00eancia&#8221;.\u00a0 Nesta quinta-feira, 11 de fevereiro de 2021, Dia internacional da Mulher na Ci\u00eancia, a TV Campus\u00a0lan\u00e7a a s\u00e9rie\u00a0Elas na Ci\u00eancia. A universidade conta hoje com 1.147 professoras. S\u00e3o mulheres que contribuem para o desenvolvimento de pesquisas nas mais [&hellip;]<\/p>\n","protected":false},"author":252,"featured_media":0,"comment_status":"closed","ping_status":"closed","sticky":false,"template":"","format":"standard","meta":{"footnotes":""},"categories":[1],"tags":[],"class_list":["post-3866","post","type-post","status-publish","format-standard","hentry","category-sem-categoria"],"acf":[],"_links":{"self":[{"href":"https:\/\/www.ufsm.br\/pro-reitorias\/prograd\/caed\/wp-json\/wp\/v2\/posts\/3866","targetHints":{"allow":["GET"]}}],"collection":[{"href":"https:\/\/www.ufsm.br\/pro-reitorias\/prograd\/caed\/wp-json\/wp\/v2\/posts"}],"about":[{"href":"https:\/\/www.ufsm.br\/pro-reitorias\/prograd\/caed\/wp-json\/wp\/v2\/types\/post"}],"author":[{"embeddable":true,"href":"https:\/\/www.ufsm.br\/pro-reitorias\/prograd\/caed\/wp-json\/wp\/v2\/users\/252"}],"replies":[{"embeddable":true,"href":"https:\/\/www.ufsm.br\/pro-reitorias\/prograd\/caed\/wp-json\/wp\/v2\/comments?post=3866"}],"version-history":[{"count":0,"href":"https:\/\/www.ufsm.br\/pro-reitorias\/prograd\/caed\/wp-json\/wp\/v2\/posts\/3866\/revisions"}],"wp:attachment":[{"href":"https:\/\/www.ufsm.br\/pro-reitorias\/prograd\/caed\/wp-json\/wp\/v2\/media?parent=3866"}],"wp:term":[{"taxonomy":"category","embeddable":true,"href":"https:\/\/www.ufsm.br\/pro-reitorias\/prograd\/caed\/wp-json\/wp\/v2\/categories?post=3866"},{"taxonomy":"post_tag","embeddable":true,"href":"https:\/\/www.ufsm.br\/pro-reitorias\/prograd\/caed\/wp-json\/wp\/v2\/tags?post=3866"}],"curies":[{"name":"wp","href":"https:\/\/api.w.org\/{rel}","templated":true}]}}