{"id":3868,"date":"2021-02-10T14:07:50","date_gmt":"2021-02-10T17:07:50","guid":{"rendered":"https:\/\/www.ufsm.br\/orgaos-executivos\/caed\/?p=3868"},"modified":"2021-02-10T14:07:52","modified_gmt":"2021-02-10T17:07:52","slug":"analise-de-visibilidade-midiatica-2020","status":"publish","type":"post","link":"https:\/\/www.ufsm.br\/pro-reitorias\/prograd\/caed\/2021\/02\/10\/analise-de-visibilidade-midiatica-2020","title":{"rendered":"AN\u00c1LISE DE VISIBILIDADE MIDI\u00c1TICA 2020"},"content":{"rendered":"\n<p>A Universidade Federal de Santa Maria(UFSM)\/Coordenadoria de A\u00e7\u00f5es Educacionais(CAEd) soma-se \u00e0 divulga\u00e7\u00e3o do <b>Relat\u00f3rio de An\u00e1lise de Visibilidade Midi\u00e1tica 2020<\/b>. O relat\u00f3rio segue em anexo para conhecimento, sendo que a an\u00e1lise \u00e9 atualizada diariamente na p\u00e1gina <a href=\"http:\/\/ufsm.br\/clipping\" target=\"_blank\" rel=\"noopener\" data-saferedirecturl=\"https:\/\/www.google.com\/url?q=http:\/\/ufsm.br\/clipping&amp;source=gmail&amp;ust=1612887443079000&amp;usg=AFQjCNHv-V0ML40DhCuUnuR2xb3jgmQ-Tw\"><b>ufsm.br\/clipping<\/b><\/a><\/p>\n<p><a href=\"https:\/\/www.ufsm.br\/app\/uploads\/sites\/391\/2021\/02\/RELATORIO-DE-VISIBILIDADE-MIDIATICA-2020.pdf\">RELAT\u00d3RIO DE VISIBILIDADE MIDI\u00c1TICA 2020<\/a><\/p>\n","protected":false},"excerpt":{"rendered":"<p>A Universidade Federal de Santa Maria(UFSM)\/Coordenadoria de A\u00e7\u00f5es Educacionais(CAEd) soma-se \u00e0 divulga\u00e7\u00e3o do Relat\u00f3rio de An\u00e1lise de Visibilidade Midi\u00e1tica 2020. O relat\u00f3rio segue em anexo para conhecimento, sendo que a an\u00e1lise \u00e9 atualizada diariamente na p\u00e1gina ufsm.br\/clipping RELAT\u00d3RIO DE VISIBILIDADE MIDI\u00c1TICA 2020<\/p>\n","protected":false},"author":252,"featured_media":0,"comment_status":"closed","ping_status":"closed","sticky":false,"template":"","format":"standard","meta":{"footnotes":""},"categories":[1],"tags":[],"class_list":["post-3868","post","type-post","status-publish","format-standard","hentry","category-sem-categoria"],"acf":[],"_links":{"self":[{"href":"https:\/\/www.ufsm.br\/pro-reitorias\/prograd\/caed\/wp-json\/wp\/v2\/posts\/3868","targetHints":{"allow":["GET"]}}],"collection":[{"href":"https:\/\/www.ufsm.br\/pro-reitorias\/prograd\/caed\/wp-json\/wp\/v2\/posts"}],"about":[{"href":"https:\/\/www.ufsm.br\/pro-reitorias\/prograd\/caed\/wp-json\/wp\/v2\/types\/post"}],"author":[{"embeddable":true,"href":"https:\/\/www.ufsm.br\/pro-reitorias\/prograd\/caed\/wp-json\/wp\/v2\/users\/252"}],"replies":[{"embeddable":true,"href":"https:\/\/www.ufsm.br\/pro-reitorias\/prograd\/caed\/wp-json\/wp\/v2\/comments?post=3868"}],"version-history":[{"count":0,"href":"https:\/\/www.ufsm.br\/pro-reitorias\/prograd\/caed\/wp-json\/wp\/v2\/posts\/3868\/revisions"}],"wp:attachment":[{"href":"https:\/\/www.ufsm.br\/pro-reitorias\/prograd\/caed\/wp-json\/wp\/v2\/media?parent=3868"}],"wp:term":[{"taxonomy":"category","embeddable":true,"href":"https:\/\/www.ufsm.br\/pro-reitorias\/prograd\/caed\/wp-json\/wp\/v2\/categories?post=3868"},{"taxonomy":"post_tag","embeddable":true,"href":"https:\/\/www.ufsm.br\/pro-reitorias\/prograd\/caed\/wp-json\/wp\/v2\/tags?post=3868"}],"curies":[{"name":"wp","href":"https:\/\/api.w.org\/{rel}","templated":true}]}}