{"id":3883,"date":"2021-02-13T00:51:53","date_gmt":"2021-02-13T03:51:53","guid":{"rendered":"https:\/\/www.ufsm.br\/orgaos-executivos\/caed\/?p=3883"},"modified":"2021-02-13T00:51:54","modified_gmt":"2021-02-13T03:51:54","slug":"ufsm-aprova-calendario-academico-para-primeiro-semestre-de-2021","status":"publish","type":"post","link":"https:\/\/www.ufsm.br\/pro-reitorias\/prograd\/caed\/2021\/02\/13\/ufsm-aprova-calendario-academico-para-primeiro-semestre-de-2021","title":{"rendered":"UFSM aprova calend\u00e1rio acad\u00eamico para primeiro semestre de 2021"},"content":{"rendered":"\n<p>A Universidade Federal de Santa Maria(UFSM)\/Coordenadoria de A\u00e7\u00f5es Educacionais(CAEd) soma-se a divulga\u00e7\u00e3o da aprova\u00e7\u00e3o do calend\u00e1rio acad\u00eamico para o primeiro semestre de 2021.\u00a0<\/p>\n<p>Maiores informa\u00e7\u00f5es no link\u00a0<a href=\"_wp_link_placeholder\" data-wplink-edit=\"true\">https:\/\/www.ufsm.br\/2021\/02\/09\/ufsm-aprova-calendario-academico-para-primeiro-semestre-de-2021\/<\/a><\/p>\n","protected":false},"excerpt":{"rendered":"<p>A Universidade Federal de Santa Maria(UFSM)\/Coordenadoria de A\u00e7\u00f5es Educacionais(CAEd) soma-se a divulga\u00e7\u00e3o da aprova\u00e7\u00e3o do calend\u00e1rio acad\u00eamico para o primeiro semestre de 2021.\u00a0 Maiores informa\u00e7\u00f5es no link\u00a0https:\/\/www.ufsm.br\/2021\/02\/09\/ufsm-aprova-calendario-academico-para-primeiro-semestre-de-2021\/<\/p>\n","protected":false},"author":252,"featured_media":0,"comment_status":"closed","ping_status":"closed","sticky":false,"template":"","format":"standard","meta":{"footnotes":""},"categories":[1],"tags":[],"class_list":["post-3883","post","type-post","status-publish","format-standard","hentry","category-sem-categoria"],"acf":[],"_links":{"self":[{"href":"https:\/\/www.ufsm.br\/pro-reitorias\/prograd\/caed\/wp-json\/wp\/v2\/posts\/3883","targetHints":{"allow":["GET"]}}],"collection":[{"href":"https:\/\/www.ufsm.br\/pro-reitorias\/prograd\/caed\/wp-json\/wp\/v2\/posts"}],"about":[{"href":"https:\/\/www.ufsm.br\/pro-reitorias\/prograd\/caed\/wp-json\/wp\/v2\/types\/post"}],"author":[{"embeddable":true,"href":"https:\/\/www.ufsm.br\/pro-reitorias\/prograd\/caed\/wp-json\/wp\/v2\/users\/252"}],"replies":[{"embeddable":true,"href":"https:\/\/www.ufsm.br\/pro-reitorias\/prograd\/caed\/wp-json\/wp\/v2\/comments?post=3883"}],"version-history":[{"count":0,"href":"https:\/\/www.ufsm.br\/pro-reitorias\/prograd\/caed\/wp-json\/wp\/v2\/posts\/3883\/revisions"}],"wp:attachment":[{"href":"https:\/\/www.ufsm.br\/pro-reitorias\/prograd\/caed\/wp-json\/wp\/v2\/media?parent=3883"}],"wp:term":[{"taxonomy":"category","embeddable":true,"href":"https:\/\/www.ufsm.br\/pro-reitorias\/prograd\/caed\/wp-json\/wp\/v2\/categories?post=3883"},{"taxonomy":"post_tag","embeddable":true,"href":"https:\/\/www.ufsm.br\/pro-reitorias\/prograd\/caed\/wp-json\/wp\/v2\/tags?post=3883"}],"curies":[{"name":"wp","href":"https:\/\/api.w.org\/{rel}","templated":true}]}}