{"id":3884,"date":"2021-02-17T23:06:43","date_gmt":"2021-02-18T02:06:43","guid":{"rendered":"https:\/\/www.ufsm.br\/orgaos-executivos\/caed\/?p=3884"},"modified":"2021-02-17T23:06:44","modified_gmt":"2021-02-18T02:06:44","slug":"edital-001-2021-selecao-de-bolsistas-da-pos-graduacao-para-o-projeto-redes-de-aprendizagem","status":"publish","type":"post","link":"https:\/\/www.ufsm.br\/pro-reitorias\/prograd\/caed\/2021\/02\/17\/edital-001-2021-selecao-de-bolsistas-da-pos-graduacao-para-o-projeto-redes-de-aprendizagem","title":{"rendered":"EDITAL 001\/2021 &#8211; SELE\u00c7\u00c3O DE BOLSISTAS DA P\u00d3S-GRADUA\u00c7\u00c3O PARA O PROJETO REDES DE APRENDIZAGEM"},"content":{"rendered":"\n<p>A Universidade Federal de Santa Maria(UFSM)\/Coordenadoria de A\u00e7\u00f5es Educacionais(CAEd) divulga o edital 001\/2021, para sele\u00e7\u00e3o de bolsistas da p\u00f3s-gradua\u00e7\u00e3o para o projeto Redes de Aprendizagem.\u00a0<\/p>\n<p><a href=\"https:\/\/www.ufsm.br\/app\/uploads\/sites\/391\/2021\/02\/EDITAL-01-2021-CAEd-POS-GRADUACAO-PROJETO-REDES-DE-APRENDIZAGEM.pdf\">EDITAL 01 2021 CAEd P\u00d3S-GRADUA\u00c7\u00c3O PROJETO REDES DE APRENDIZAGEM<\/a><\/p>\n","protected":false},"excerpt":{"rendered":"<p>A Universidade Federal de Santa Maria(UFSM)\/Coordenadoria de A\u00e7\u00f5es Educacionais(CAEd) divulga o edital 001\/2021, para sele\u00e7\u00e3o de bolsistas da p\u00f3s-gradua\u00e7\u00e3o para o projeto Redes de Aprendizagem.\u00a0 EDITAL 01 2021 CAEd P\u00d3S-GRADUA\u00c7\u00c3O PROJETO REDES DE APRENDIZAGEM<\/p>\n","protected":false},"author":252,"featured_media":0,"comment_status":"closed","ping_status":"closed","sticky":false,"template":"","format":"standard","meta":{"footnotes":""},"categories":[1],"tags":[],"class_list":["post-3884","post","type-post","status-publish","format-standard","hentry","category-sem-categoria"],"acf":[],"_links":{"self":[{"href":"https:\/\/www.ufsm.br\/pro-reitorias\/prograd\/caed\/wp-json\/wp\/v2\/posts\/3884","targetHints":{"allow":["GET"]}}],"collection":[{"href":"https:\/\/www.ufsm.br\/pro-reitorias\/prograd\/caed\/wp-json\/wp\/v2\/posts"}],"about":[{"href":"https:\/\/www.ufsm.br\/pro-reitorias\/prograd\/caed\/wp-json\/wp\/v2\/types\/post"}],"author":[{"embeddable":true,"href":"https:\/\/www.ufsm.br\/pro-reitorias\/prograd\/caed\/wp-json\/wp\/v2\/users\/252"}],"replies":[{"embeddable":true,"href":"https:\/\/www.ufsm.br\/pro-reitorias\/prograd\/caed\/wp-json\/wp\/v2\/comments?post=3884"}],"version-history":[{"count":0,"href":"https:\/\/www.ufsm.br\/pro-reitorias\/prograd\/caed\/wp-json\/wp\/v2\/posts\/3884\/revisions"}],"wp:attachment":[{"href":"https:\/\/www.ufsm.br\/pro-reitorias\/prograd\/caed\/wp-json\/wp\/v2\/media?parent=3884"}],"wp:term":[{"taxonomy":"category","embeddable":true,"href":"https:\/\/www.ufsm.br\/pro-reitorias\/prograd\/caed\/wp-json\/wp\/v2\/categories?post=3884"},{"taxonomy":"post_tag","embeddable":true,"href":"https:\/\/www.ufsm.br\/pro-reitorias\/prograd\/caed\/wp-json\/wp\/v2\/tags?post=3884"}],"curies":[{"name":"wp","href":"https:\/\/api.w.org\/{rel}","templated":true}]}}