{"id":3888,"date":"2021-02-21T21:03:06","date_gmt":"2021-02-22T00:03:06","guid":{"rendered":"https:\/\/www.ufsm.br\/orgaos-executivos\/caed\/?p=3888"},"modified":"2021-02-21T21:03:29","modified_gmt":"2021-02-22T00:03:29","slug":"calendario-academico-2021-i-rede-e-perguntas-frequentes-sobre-o-semestre","status":"publish","type":"post","link":"https:\/\/www.ufsm.br\/pro-reitorias\/prograd\/caed\/2021\/02\/21\/calendario-academico-2021-i-rede-e-perguntas-frequentes-sobre-o-semestre","title":{"rendered":"CALEND\u00c1RIO ACAD\u00caMICO 2021\/I-REDE E PERGUNTAS FREQUENTES SOBRE O SEMESTRE"},"content":{"rendered":"\n<p>A Universidade Federal de Santa Maria(UFSM)\/Coordenadoria de A\u00e7\u00f5es Educacionais(CAEd) soma-se \u00e0 divulga\u00e7\u00e3o do Calend\u00e1rio Acad\u00eamico 2021\/I-REDE e das perguntas frequentes sobre o atual semestre.\u00a0<\/p>\n<p style=\"text-align: left\">Maiores informa\u00e7\u00f5es podem ser acessadas em <a href=\"https:\/\/www.ufsm.br\/calendario\/2021-55093\/\">https:\/\/www.ufsm.br\/calendario\/2021-55093\/<\/a> e <a href=\"https:\/\/www.ufsm.br\/coronavirus\/perguntas-frequentes\/\">https:\/\/www.ufsm.br\/coronavirus\/perguntas-frequentes\/<\/a><\/p>\n","protected":false},"excerpt":{"rendered":"<p>A Universidade Federal de Santa Maria(UFSM)\/Coordenadoria de A\u00e7\u00f5es Educacionais(CAEd) soma-se \u00e0 divulga\u00e7\u00e3o do Calend\u00e1rio Acad\u00eamico 2021\/I-REDE e das perguntas frequentes sobre o atual semestre.\u00a0 Maiores informa\u00e7\u00f5es podem ser acessadas em https:\/\/www.ufsm.br\/calendario\/2021-55093\/ e https:\/\/www.ufsm.br\/coronavirus\/perguntas-frequentes\/<\/p>\n","protected":false},"author":252,"featured_media":0,"comment_status":"closed","ping_status":"closed","sticky":false,"template":"","format":"standard","meta":{"footnotes":""},"categories":[1],"tags":[],"class_list":["post-3888","post","type-post","status-publish","format-standard","hentry","category-sem-categoria"],"acf":[],"_links":{"self":[{"href":"https:\/\/www.ufsm.br\/pro-reitorias\/prograd\/caed\/wp-json\/wp\/v2\/posts\/3888","targetHints":{"allow":["GET"]}}],"collection":[{"href":"https:\/\/www.ufsm.br\/pro-reitorias\/prograd\/caed\/wp-json\/wp\/v2\/posts"}],"about":[{"href":"https:\/\/www.ufsm.br\/pro-reitorias\/prograd\/caed\/wp-json\/wp\/v2\/types\/post"}],"author":[{"embeddable":true,"href":"https:\/\/www.ufsm.br\/pro-reitorias\/prograd\/caed\/wp-json\/wp\/v2\/users\/252"}],"replies":[{"embeddable":true,"href":"https:\/\/www.ufsm.br\/pro-reitorias\/prograd\/caed\/wp-json\/wp\/v2\/comments?post=3888"}],"version-history":[{"count":0,"href":"https:\/\/www.ufsm.br\/pro-reitorias\/prograd\/caed\/wp-json\/wp\/v2\/posts\/3888\/revisions"}],"wp:attachment":[{"href":"https:\/\/www.ufsm.br\/pro-reitorias\/prograd\/caed\/wp-json\/wp\/v2\/media?parent=3888"}],"wp:term":[{"taxonomy":"category","embeddable":true,"href":"https:\/\/www.ufsm.br\/pro-reitorias\/prograd\/caed\/wp-json\/wp\/v2\/categories?post=3888"},{"taxonomy":"post_tag","embeddable":true,"href":"https:\/\/www.ufsm.br\/pro-reitorias\/prograd\/caed\/wp-json\/wp\/v2\/tags?post=3888"}],"curies":[{"name":"wp","href":"https:\/\/api.w.org\/{rel}","templated":true}]}}