{"id":3890,"date":"2021-02-21T21:09:34","date_gmt":"2021-02-22T00:09:34","guid":{"rendered":"https:\/\/www.ufsm.br\/orgaos-executivos\/caed\/?p=3890"},"modified":"2021-02-21T21:09:35","modified_gmt":"2021-02-22T00:09:35","slug":"elas-na-ciencia-programa-da-tv-campus","status":"publish","type":"post","link":"https:\/\/www.ufsm.br\/pro-reitorias\/prograd\/caed\/2021\/02\/21\/elas-na-ciencia-programa-da-tv-campus","title":{"rendered":"&#8220;ELAS NA CI\u00caNCIA&#8221; &#8211; PROGRAMA DA TV CAMPUS"},"content":{"rendered":"\n<p>A Universidade Federal de Santa Maria(UFSM)\/Coordenadoria de A\u00e7\u00f5es Educacionais(CAEd) soma-se \u00e0 divulga\u00e7\u00e3o do primeiro epis\u00f3dio do programa Elas na Ci\u00eancia, da TV Campus, que j\u00e1 se encontra dispon\u00edvel no <a href=\"https:\/\/www.youtube.com\/watch?v=0PTkihpwtTo\" target=\"_blank\" rel=\"noopener\" data-saferedirecturl=\"https:\/\/www.google.com\/url?q=https:\/\/www.youtube.com\/watch?v%3D0PTkihpwtTo&amp;source=gmail&amp;ust=1613841019383000&amp;usg=AFQjCNEbbl3bfgN9J2uMt1urkS1CFj1IHw\">YouTube da TV,<\/a> com participa\u00e7\u00e3o da professora S\u00edlvia Gonzales, do Centro de Ci\u00eancias Rurais (CCR). Epis\u00f3dios novos s\u00e3o disponibilzados \u00e0s quintas-feiras, \u00e0s 20h00min, pelo mesmo canal.\u00a0<\/p>\n","protected":false},"excerpt":{"rendered":"<p>A Universidade Federal de Santa Maria(UFSM)\/Coordenadoria de A\u00e7\u00f5es Educacionais(CAEd) soma-se \u00e0 divulga\u00e7\u00e3o do primeiro epis\u00f3dio do programa Elas na Ci\u00eancia, da TV Campus, que j\u00e1 se encontra dispon\u00edvel no YouTube da TV, com participa\u00e7\u00e3o da professora S\u00edlvia Gonzales, do Centro de Ci\u00eancias Rurais (CCR). Epis\u00f3dios novos s\u00e3o disponibilzados \u00e0s quintas-feiras, \u00e0s 20h00min, pelo mesmo canal.\u00a0<\/p>\n","protected":false},"author":252,"featured_media":0,"comment_status":"closed","ping_status":"closed","sticky":false,"template":"","format":"standard","meta":{"footnotes":""},"categories":[1],"tags":[],"class_list":["post-3890","post","type-post","status-publish","format-standard","hentry","category-sem-categoria"],"acf":[],"_links":{"self":[{"href":"https:\/\/www.ufsm.br\/pro-reitorias\/prograd\/caed\/wp-json\/wp\/v2\/posts\/3890","targetHints":{"allow":["GET"]}}],"collection":[{"href":"https:\/\/www.ufsm.br\/pro-reitorias\/prograd\/caed\/wp-json\/wp\/v2\/posts"}],"about":[{"href":"https:\/\/www.ufsm.br\/pro-reitorias\/prograd\/caed\/wp-json\/wp\/v2\/types\/post"}],"author":[{"embeddable":true,"href":"https:\/\/www.ufsm.br\/pro-reitorias\/prograd\/caed\/wp-json\/wp\/v2\/users\/252"}],"replies":[{"embeddable":true,"href":"https:\/\/www.ufsm.br\/pro-reitorias\/prograd\/caed\/wp-json\/wp\/v2\/comments?post=3890"}],"version-history":[{"count":0,"href":"https:\/\/www.ufsm.br\/pro-reitorias\/prograd\/caed\/wp-json\/wp\/v2\/posts\/3890\/revisions"}],"wp:attachment":[{"href":"https:\/\/www.ufsm.br\/pro-reitorias\/prograd\/caed\/wp-json\/wp\/v2\/media?parent=3890"}],"wp:term":[{"taxonomy":"category","embeddable":true,"href":"https:\/\/www.ufsm.br\/pro-reitorias\/prograd\/caed\/wp-json\/wp\/v2\/categories?post=3890"},{"taxonomy":"post_tag","embeddable":true,"href":"https:\/\/www.ufsm.br\/pro-reitorias\/prograd\/caed\/wp-json\/wp\/v2\/tags?post=3890"}],"curies":[{"name":"wp","href":"https:\/\/api.w.org\/{rel}","templated":true}]}}