{"id":3892,"date":"2021-02-22T15:26:57","date_gmt":"2021-02-22T18:26:57","guid":{"rendered":"https:\/\/www.ufsm.br\/orgaos-executivos\/caed\/?p=3892"},"modified":"2021-02-22T15:26:58","modified_gmt":"2021-02-22T18:26:58","slug":"elas-na-ciencia-novo-episodio","status":"publish","type":"post","link":"https:\/\/www.ufsm.br\/pro-reitorias\/prograd\/caed\/2021\/02\/22\/elas-na-ciencia-novo-episodio","title":{"rendered":"&#8220;ELAS NA CI\u00caNCIA&#8221; &#8211; NOVO EPIS\u00d3DIO"},"content":{"rendered":"\n<p>A Universidade Federal de Santa Maria(UFSM)\/Coordenadoria de A\u00e7\u00f5es Educacionais(CAEd) soma-se \u00e0 divulga\u00e7\u00e3o de novo epis\u00f3dio do programa &#8220;Elas na Ci\u00eancia&#8221;, com a professora Amanda Scherer, pesquisadora do Departamento de Letras Cl\u00e1ssicas e Lingu\u00edstica do Centro de Artes e Letras (CAL). O epis\u00f3dio est\u00e1 dispon\u00edvel em <a href=\"https:\/\/www.youtube.com\/watch?v=xXf5zVIobKU\" target=\"_blank\" rel=\"noopener\" data-saferedirecturl=\"https:\/\/www.google.com\/url?q=https:\/\/www.youtube.com\/watch?v%3DxXf5zVIobKU&amp;source=gmail&amp;ust=1614100364084000&amp;usg=AFQjCNG7id1OCQHLbB2k1la8USLGw16gOA\">&#8220;Elas na Ci\u00eancia&#8221;<\/a>.<\/p>\n","protected":false},"excerpt":{"rendered":"<p>A Universidade Federal de Santa Maria(UFSM)\/Coordenadoria de A\u00e7\u00f5es Educacionais(CAEd) soma-se \u00e0 divulga\u00e7\u00e3o de novo epis\u00f3dio do programa &#8220;Elas na Ci\u00eancia&#8221;, com a professora Amanda Scherer, pesquisadora do Departamento de Letras Cl\u00e1ssicas e Lingu\u00edstica do Centro de Artes e Letras (CAL). O epis\u00f3dio est\u00e1 dispon\u00edvel em &#8220;Elas na Ci\u00eancia&#8221;.<\/p>\n","protected":false},"author":252,"featured_media":0,"comment_status":"closed","ping_status":"closed","sticky":false,"template":"","format":"standard","meta":{"footnotes":""},"categories":[1],"tags":[],"class_list":["post-3892","post","type-post","status-publish","format-standard","hentry","category-sem-categoria"],"acf":[],"_links":{"self":[{"href":"https:\/\/www.ufsm.br\/pro-reitorias\/prograd\/caed\/wp-json\/wp\/v2\/posts\/3892","targetHints":{"allow":["GET"]}}],"collection":[{"href":"https:\/\/www.ufsm.br\/pro-reitorias\/prograd\/caed\/wp-json\/wp\/v2\/posts"}],"about":[{"href":"https:\/\/www.ufsm.br\/pro-reitorias\/prograd\/caed\/wp-json\/wp\/v2\/types\/post"}],"author":[{"embeddable":true,"href":"https:\/\/www.ufsm.br\/pro-reitorias\/prograd\/caed\/wp-json\/wp\/v2\/users\/252"}],"replies":[{"embeddable":true,"href":"https:\/\/www.ufsm.br\/pro-reitorias\/prograd\/caed\/wp-json\/wp\/v2\/comments?post=3892"}],"version-history":[{"count":0,"href":"https:\/\/www.ufsm.br\/pro-reitorias\/prograd\/caed\/wp-json\/wp\/v2\/posts\/3892\/revisions"}],"wp:attachment":[{"href":"https:\/\/www.ufsm.br\/pro-reitorias\/prograd\/caed\/wp-json\/wp\/v2\/media?parent=3892"}],"wp:term":[{"taxonomy":"category","embeddable":true,"href":"https:\/\/www.ufsm.br\/pro-reitorias\/prograd\/caed\/wp-json\/wp\/v2\/categories?post=3892"},{"taxonomy":"post_tag","embeddable":true,"href":"https:\/\/www.ufsm.br\/pro-reitorias\/prograd\/caed\/wp-json\/wp\/v2\/tags?post=3892"}],"curies":[{"name":"wp","href":"https:\/\/api.w.org\/{rel}","templated":true}]}}