{"id":3894,"date":"2021-02-22T15:34:12","date_gmt":"2021-02-22T18:34:12","guid":{"rendered":"https:\/\/www.ufsm.br\/orgaos-executivos\/caed\/?p=3894"},"modified":"2021-02-22T15:34:13","modified_gmt":"2021-02-22T18:34:13","slug":"ufsm-publica-painel-estatistico-sobre-a-situacao-de-trabalho-dos-servidores-quanto-a-covid-19","status":"publish","type":"post","link":"https:\/\/www.ufsm.br\/pro-reitorias\/prograd\/caed\/2021\/02\/22\/ufsm-publica-painel-estatistico-sobre-a-situacao-de-trabalho-dos-servidores-quanto-a-covid-19","title":{"rendered":"UFSM PUBLICA PAINEL ESTAT\u00cdSTICO SOBRE A SITUA\u00c7\u00c3O DE TRABALHO DOS SERVIDORES QUANTO \u00c0 Covid-19"},"content":{"rendered":"\n<p>A Universidade Federal de Santa Maria(UFSM)\/Coordenadoria de A\u00e7\u00f5es Educacionais(CAEd) publica painel estat\u00edstico em rela\u00e7\u00e3o \u00e0 situa\u00e7\u00e3o de trabalho dos 4.689 servidores da UFSM quanto \u00e0 Covid-19.\u00a0<\/p>\n<p>Maiores informa\u00e7\u00f5es em\u00a0<a href=\"https:\/\/www.ufsm.br\/2021\/02\/20\/ufsm-publica-painel-estatistico-sobre-a-situacao-de-trabalho-dos-servidores-quanto-a-covid-19\/\">https:\/\/www.ufsm.br\/2021\/02\/20\/ufsm-publica-painel-estatistico-sobre-a-situacao-de-trabalho-dos-servidores-quanto-a-covid-19\/<\/a><\/p>\n","protected":false},"excerpt":{"rendered":"<p>A Universidade Federal de Santa Maria(UFSM)\/Coordenadoria de A\u00e7\u00f5es Educacionais(CAEd) publica painel estat\u00edstico em rela\u00e7\u00e3o \u00e0 situa\u00e7\u00e3o de trabalho dos 4.689 servidores da UFSM quanto \u00e0 Covid-19.\u00a0 Maiores informa\u00e7\u00f5es em\u00a0https:\/\/www.ufsm.br\/2021\/02\/20\/ufsm-publica-painel-estatistico-sobre-a-situacao-de-trabalho-dos-servidores-quanto-a-covid-19\/<\/p>\n","protected":false},"author":252,"featured_media":0,"comment_status":"closed","ping_status":"closed","sticky":false,"template":"","format":"standard","meta":{"footnotes":""},"categories":[1],"tags":[],"class_list":["post-3894","post","type-post","status-publish","format-standard","hentry","category-sem-categoria"],"acf":[],"_links":{"self":[{"href":"https:\/\/www.ufsm.br\/pro-reitorias\/prograd\/caed\/wp-json\/wp\/v2\/posts\/3894","targetHints":{"allow":["GET"]}}],"collection":[{"href":"https:\/\/www.ufsm.br\/pro-reitorias\/prograd\/caed\/wp-json\/wp\/v2\/posts"}],"about":[{"href":"https:\/\/www.ufsm.br\/pro-reitorias\/prograd\/caed\/wp-json\/wp\/v2\/types\/post"}],"author":[{"embeddable":true,"href":"https:\/\/www.ufsm.br\/pro-reitorias\/prograd\/caed\/wp-json\/wp\/v2\/users\/252"}],"replies":[{"embeddable":true,"href":"https:\/\/www.ufsm.br\/pro-reitorias\/prograd\/caed\/wp-json\/wp\/v2\/comments?post=3894"}],"version-history":[{"count":0,"href":"https:\/\/www.ufsm.br\/pro-reitorias\/prograd\/caed\/wp-json\/wp\/v2\/posts\/3894\/revisions"}],"wp:attachment":[{"href":"https:\/\/www.ufsm.br\/pro-reitorias\/prograd\/caed\/wp-json\/wp\/v2\/media?parent=3894"}],"wp:term":[{"taxonomy":"category","embeddable":true,"href":"https:\/\/www.ufsm.br\/pro-reitorias\/prograd\/caed\/wp-json\/wp\/v2\/categories?post=3894"},{"taxonomy":"post_tag","embeddable":true,"href":"https:\/\/www.ufsm.br\/pro-reitorias\/prograd\/caed\/wp-json\/wp\/v2\/tags?post=3894"}],"curies":[{"name":"wp","href":"https:\/\/api.w.org\/{rel}","templated":true}]}}