{"id":3911,"date":"2021-03-03T22:59:02","date_gmt":"2021-03-04T01:59:02","guid":{"rendered":"https:\/\/www.ufsm.br\/orgaos-executivos\/caed\/?p=3911"},"modified":"2021-03-03T22:59:04","modified_gmt":"2021-03-04T01:59:04","slug":"ufsm-divulga-termo-de-adesao-ao-sisu-2021","status":"publish","type":"post","link":"https:\/\/www.ufsm.br\/pro-reitorias\/prograd\/caed\/2021\/03\/03\/ufsm-divulga-termo-de-adesao-ao-sisu-2021","title":{"rendered":"UFSM DIVULGA TERMO DE ADES\u00c3O AO SiSU 2021"},"content":{"rendered":"\n<p>A Universidade Federal de Santa Maria (UFSM)\/Coordenadoria de A\u00e7\u00f5es Educacionais (CAEd) divulga o termo de ades\u00e3o da universidade do SiSU 2021.\u00a0<\/p>\n<p>Maiores informa\u00e7\u00f5es em\u00a0<a href=\"https:\/\/www.ufsm.br\/2021\/02\/24\/ufsm-divulga-o-termo-de-adesao-ao-sisu-2021-1-com-as-vagas-ofertadas-e-a-documentacao-exigida-para-matricula\/\">https:\/\/www.ufsm.br\/2021\/02\/24\/ufsm-divulga-o-termo-de-adesao-ao-sisu-2021-1-com-as-vagas-ofertadas-e-a-documentacao-exigida-para-matricula\/<\/a><\/p>\n","protected":false},"excerpt":{"rendered":"<p>A Universidade Federal de Santa Maria (UFSM)\/Coordenadoria de A\u00e7\u00f5es Educacionais (CAEd) divulga o termo de ades\u00e3o da universidade do SiSU 2021.\u00a0 Maiores informa\u00e7\u00f5es em\u00a0https:\/\/www.ufsm.br\/2021\/02\/24\/ufsm-divulga-o-termo-de-adesao-ao-sisu-2021-1-com-as-vagas-ofertadas-e-a-documentacao-exigida-para-matricula\/<\/p>\n","protected":false},"author":252,"featured_media":0,"comment_status":"closed","ping_status":"closed","sticky":false,"template":"","format":"standard","meta":{"footnotes":""},"categories":[1],"tags":[],"class_list":["post-3911","post","type-post","status-publish","format-standard","hentry","category-sem-categoria"],"acf":[],"_links":{"self":[{"href":"https:\/\/www.ufsm.br\/pro-reitorias\/prograd\/caed\/wp-json\/wp\/v2\/posts\/3911","targetHints":{"allow":["GET"]}}],"collection":[{"href":"https:\/\/www.ufsm.br\/pro-reitorias\/prograd\/caed\/wp-json\/wp\/v2\/posts"}],"about":[{"href":"https:\/\/www.ufsm.br\/pro-reitorias\/prograd\/caed\/wp-json\/wp\/v2\/types\/post"}],"author":[{"embeddable":true,"href":"https:\/\/www.ufsm.br\/pro-reitorias\/prograd\/caed\/wp-json\/wp\/v2\/users\/252"}],"replies":[{"embeddable":true,"href":"https:\/\/www.ufsm.br\/pro-reitorias\/prograd\/caed\/wp-json\/wp\/v2\/comments?post=3911"}],"version-history":[{"count":0,"href":"https:\/\/www.ufsm.br\/pro-reitorias\/prograd\/caed\/wp-json\/wp\/v2\/posts\/3911\/revisions"}],"wp:attachment":[{"href":"https:\/\/www.ufsm.br\/pro-reitorias\/prograd\/caed\/wp-json\/wp\/v2\/media?parent=3911"}],"wp:term":[{"taxonomy":"category","embeddable":true,"href":"https:\/\/www.ufsm.br\/pro-reitorias\/prograd\/caed\/wp-json\/wp\/v2\/categories?post=3911"},{"taxonomy":"post_tag","embeddable":true,"href":"https:\/\/www.ufsm.br\/pro-reitorias\/prograd\/caed\/wp-json\/wp\/v2\/tags?post=3911"}],"curies":[{"name":"wp","href":"https:\/\/api.w.org\/{rel}","templated":true}]}}