{"id":3913,"date":"2021-03-03T23:07:41","date_gmt":"2021-03-04T02:07:41","guid":{"rendered":"https:\/\/www.ufsm.br\/orgaos-executivos\/caed\/?p=3913"},"modified":"2021-03-03T23:07:43","modified_gmt":"2021-03-04T02:07:43","slug":"elas-na-ciencia-episodio-novo","status":"publish","type":"post","link":"https:\/\/www.ufsm.br\/pro-reitorias\/prograd\/caed\/2021\/03\/03\/elas-na-ciencia-episodio-novo","title":{"rendered":"&#8220;ELAS NA CI\u00caNCIA&#8221; &#8211; EPIS\u00d3DIO NOVO"},"content":{"rendered":"\n<p>A Universidade Federal de Santa Maria(UFSM)\/Coordenadoria de A\u00e7\u00f5es Educacionais(CAEd) soma-se \u00e0 divulga\u00e7\u00e3o do programa &#8220;Elas na Ci\u00eancia&#8221;.<\/p>\n<p>Na \u00faltima quinta-feira, dia 25 de fevereiro de 2021, a TV Campus publicou mais um epis\u00f3dio do programa &#8220;Elas na Ci\u00eancia&#8221;, com a professora Cristina Nogueira, do Centro de Ci\u00eancias Naturais e Exatas (CCNE).<\/p>\n<p>O epis\u00f3dio pode ser conferido em <a href=\"https:\/\/www.youtube.com\/watch?fbclid=IwAR0VdQQRT4K0no2MjhPG9PDFIdGj5f7f-H98q8D9Q3hZtPBF0IAb4xbM2MM&amp;v=D_4_gmvoNTc&amp;feature=youtu.be\" target=\"_blank\" rel=\"noopener\" data-saferedirecturl=\"https:\/\/www.google.com\/url?q=https:\/\/www.youtube.com\/watch?fbclid%3DIwAR0VdQQRT4K0no2MjhPG9PDFIdGj5f7f-H98q8D9Q3hZtPBF0IAb4xbM2MM%26v%3DD_4_gmvoNTc%26feature%3Dyoutu.be&amp;source=gmail&amp;ust=1614817244472000&amp;usg=AFQjCNGyxbCxWOrF1s53WUeAT3XEl4Tz4w\">&#8220;Elas na Ci\u00eancia&#8221; &#8211; TV Campus<\/a>.<\/p>\n","protected":false},"excerpt":{"rendered":"<p>A Universidade Federal de Santa Maria(UFSM)\/Coordenadoria de A\u00e7\u00f5es Educacionais(CAEd) soma-se \u00e0 divulga\u00e7\u00e3o do programa &#8220;Elas na Ci\u00eancia&#8221;. Na \u00faltima quinta-feira, dia 25 de fevereiro de 2021, a TV Campus publicou mais um epis\u00f3dio do programa &#8220;Elas na Ci\u00eancia&#8221;, com a professora Cristina Nogueira, do Centro de Ci\u00eancias Naturais e Exatas (CCNE). O epis\u00f3dio pode ser [&hellip;]<\/p>\n","protected":false},"author":252,"featured_media":0,"comment_status":"closed","ping_status":"closed","sticky":false,"template":"","format":"standard","meta":{"footnotes":""},"categories":[1],"tags":[],"class_list":["post-3913","post","type-post","status-publish","format-standard","hentry","category-sem-categoria"],"acf":[],"_links":{"self":[{"href":"https:\/\/www.ufsm.br\/pro-reitorias\/prograd\/caed\/wp-json\/wp\/v2\/posts\/3913","targetHints":{"allow":["GET"]}}],"collection":[{"href":"https:\/\/www.ufsm.br\/pro-reitorias\/prograd\/caed\/wp-json\/wp\/v2\/posts"}],"about":[{"href":"https:\/\/www.ufsm.br\/pro-reitorias\/prograd\/caed\/wp-json\/wp\/v2\/types\/post"}],"author":[{"embeddable":true,"href":"https:\/\/www.ufsm.br\/pro-reitorias\/prograd\/caed\/wp-json\/wp\/v2\/users\/252"}],"replies":[{"embeddable":true,"href":"https:\/\/www.ufsm.br\/pro-reitorias\/prograd\/caed\/wp-json\/wp\/v2\/comments?post=3913"}],"version-history":[{"count":0,"href":"https:\/\/www.ufsm.br\/pro-reitorias\/prograd\/caed\/wp-json\/wp\/v2\/posts\/3913\/revisions"}],"wp:attachment":[{"href":"https:\/\/www.ufsm.br\/pro-reitorias\/prograd\/caed\/wp-json\/wp\/v2\/media?parent=3913"}],"wp:term":[{"taxonomy":"category","embeddable":true,"href":"https:\/\/www.ufsm.br\/pro-reitorias\/prograd\/caed\/wp-json\/wp\/v2\/categories?post=3913"},{"taxonomy":"post_tag","embeddable":true,"href":"https:\/\/www.ufsm.br\/pro-reitorias\/prograd\/caed\/wp-json\/wp\/v2\/tags?post=3913"}],"curies":[{"name":"wp","href":"https:\/\/api.w.org\/{rel}","templated":true}]}}