{"id":3914,"date":"2021-03-03T23:16:12","date_gmt":"2021-03-04T02:16:12","guid":{"rendered":"https:\/\/www.ufsm.br\/orgaos-executivos\/caed\/?p=3914"},"modified":"2021-03-03T23:16:14","modified_gmt":"2021-03-04T02:16:14","slug":"guia-de-identidade-visual-da-ufsm-atualizacoes","status":"publish","type":"post","link":"https:\/\/www.ufsm.br\/pro-reitorias\/prograd\/caed\/2021\/03\/03\/guia-de-identidade-visual-da-ufsm-atualizacoes","title":{"rendered":"GUIA DE IDENTIDADE VISUAL DA UFSM &#8211; ATUALIZA\u00c7OES"},"content":{"rendered":"\n<p>A Universidade Federal de Santa Maria(UFSM)\/Coordenadoria de A\u00e7\u00f5es Educacionais(CAEd) soma-se \u00e0 divulga\u00e7\u00e3o das atualiza\u00e7\u00f5es do Guia de Identidade Visual da UFSM.<\/p>\n<div>Nos \u00faltimos meses, o Grupo de Trabalho Identidade Visual atualizou o <a href=\"https:\/\/www.ufsm.br\/identidade-institucional\/\" target=\"_blank\" rel=\"noopener\" data-saferedirecturl=\"https:\/\/www.google.com\/url?q=https:\/\/www.ufsm.br\/identidade-institucional\/&amp;source=gmail&amp;ust=1614817244472000&amp;usg=AFQjCNEtFk0hwRISFyuCE_NU6cT0vNfmBQ\">Guia de Identidade Visual, <\/a>com orienta\u00e7\u00f5es para marcas de unidades de ensino, cursos e setores que interagem com a comunidade. A Unidade de Comunica\u00e7\u00e3o Integrada est\u00e1 ajustando as marcas das unidades de ensino nas quais era necess\u00e1rio incluir o monograma da UFSM. Todas as marcas est\u00e3o dispon\u00edveis na supracitada p\u00e1gina do guia para serem baixadas.\u00a0<\/div>\n<div>\u00a0<\/div>\n<div>Os outros guias publicados pelo Comit\u00ea de Pol\u00edtica de Comunica\u00e7\u00e3o tamb\u00e9m est\u00e3o dispon\u00edveis online para facilitar o trabalho descentralizado de comunica\u00e7\u00e3o nas unidades, campi e pr\u00f3-reitorias: <a href=\"https:\/\/www.ufsm.br\/orgaos-suplementares\/cpd\/sitios\/\" target=\"_blank\" rel=\"noopener\" data-saferedirecturl=\"https:\/\/www.google.com\/url?q=https:\/\/www.ufsm.br\/orgaos-suplementares\/cpd\/sitios\/&amp;source=gmail&amp;ust=1614817244472000&amp;usg=AFQjCNF7WImcox_5xJq6U3t2VfuOMYEHSg\">Guia S\u00edtios<\/a>,\u00a0<a href=\"https:\/\/www.ufsm.br\/comunicacao\/guiamidiassociais\/\" target=\"_blank\" rel=\"noopener\" data-saferedirecturl=\"https:\/\/www.google.com\/url?q=https:\/\/www.ufsm.br\/comunicacao\/guiamidiassociais\/&amp;source=gmail&amp;ust=1614817244472000&amp;usg=AFQjCNEJOLQ32Ta5McUKe8htsmmnWZoymg\">Guia M\u00eddias Sociais<\/a>,\u00a0<a href=\"https:\/\/www.ufsm.br\/comunicacao\/guiaeventos\" target=\"_blank\" rel=\"noopener\" data-saferedirecturl=\"https:\/\/www.google.com\/url?q=https:\/\/www.ufsm.br\/comunicacao\/guiaeventos&amp;source=gmail&amp;ust=1614817244472000&amp;usg=AFQjCNEWM7aIE9WqY1hFAW--Gat0MvWzFw\">Guia Eventos<\/a>,\u00a0<a href=\"https:\/\/www.ufsm.br\/comunicacao\/politicas-editoriais\/\" target=\"_blank\" rel=\"noopener\" data-saferedirecturl=\"https:\/\/www.google.com\/url?q=https:\/\/www.ufsm.br\/comunicacao\/politicas-editoriais\/&amp;source=gmail&amp;ust=1614817244472000&amp;usg=AFQjCNE6tucKhq4ib8ByRMNpDTIH9nvtdQ\">Pol\u00edticas Editoriais<\/a>.<\/div>\n","protected":false},"excerpt":{"rendered":"<p>A Universidade Federal de Santa Maria(UFSM)\/Coordenadoria de A\u00e7\u00f5es Educacionais(CAEd) soma-se \u00e0 divulga\u00e7\u00e3o das atualiza\u00e7\u00f5es do Guia de Identidade Visual da UFSM. Nos \u00faltimos meses, o Grupo de Trabalho Identidade Visual atualizou o Guia de Identidade Visual, com orienta\u00e7\u00f5es para marcas de unidades de ensino, cursos e setores que interagem com a comunidade. A Unidade de [&hellip;]<\/p>\n","protected":false},"author":252,"featured_media":0,"comment_status":"closed","ping_status":"closed","sticky":false,"template":"","format":"standard","meta":{"footnotes":""},"categories":[1],"tags":[],"class_list":["post-3914","post","type-post","status-publish","format-standard","hentry","category-sem-categoria"],"acf":[],"_links":{"self":[{"href":"https:\/\/www.ufsm.br\/pro-reitorias\/prograd\/caed\/wp-json\/wp\/v2\/posts\/3914","targetHints":{"allow":["GET"]}}],"collection":[{"href":"https:\/\/www.ufsm.br\/pro-reitorias\/prograd\/caed\/wp-json\/wp\/v2\/posts"}],"about":[{"href":"https:\/\/www.ufsm.br\/pro-reitorias\/prograd\/caed\/wp-json\/wp\/v2\/types\/post"}],"author":[{"embeddable":true,"href":"https:\/\/www.ufsm.br\/pro-reitorias\/prograd\/caed\/wp-json\/wp\/v2\/users\/252"}],"replies":[{"embeddable":true,"href":"https:\/\/www.ufsm.br\/pro-reitorias\/prograd\/caed\/wp-json\/wp\/v2\/comments?post=3914"}],"version-history":[{"count":0,"href":"https:\/\/www.ufsm.br\/pro-reitorias\/prograd\/caed\/wp-json\/wp\/v2\/posts\/3914\/revisions"}],"wp:attachment":[{"href":"https:\/\/www.ufsm.br\/pro-reitorias\/prograd\/caed\/wp-json\/wp\/v2\/media?parent=3914"}],"wp:term":[{"taxonomy":"category","embeddable":true,"href":"https:\/\/www.ufsm.br\/pro-reitorias\/prograd\/caed\/wp-json\/wp\/v2\/categories?post=3914"},{"taxonomy":"post_tag","embeddable":true,"href":"https:\/\/www.ufsm.br\/pro-reitorias\/prograd\/caed\/wp-json\/wp\/v2\/tags?post=3914"}],"curies":[{"name":"wp","href":"https:\/\/api.w.org\/{rel}","templated":true}]}}