{"id":3920,"date":"2021-03-08T23:02:56","date_gmt":"2021-03-09T02:02:56","guid":{"rendered":"https:\/\/www.ufsm.br\/orgaos-executivos\/caed\/?p=3920"},"modified":"2021-03-08T23:02:57","modified_gmt":"2021-03-09T02:02:57","slug":"08-de-marco-dia-internacional-da-mulher","status":"publish","type":"post","link":"https:\/\/www.ufsm.br\/pro-reitorias\/prograd\/caed\/2021\/03\/08\/08-de-marco-dia-internacional-da-mulher","title":{"rendered":"08 DE MAR\u00c7O  &#8211; DIA INTERNACIONAL DA MULHER"},"content":{"rendered":"\n<p>A Universidade Federal de Santa Maria(UFSM)\/Coordenadoria de A\u00e7\u00f5es Educacionais(CAEd) parabeniza todas as mulheres pela passagem do Dia Internacional da Mulher e soma-se \u00e0 divulga\u00e7\u00e3o de a\u00e7\u00f5es da UFSM alusivas \u00e0 data.\u00a0<\/p>\n<h4 class=\"entry-title text-primary text-center\">Nova edi\u00e7\u00e3o da revista Estilo Editorial ser\u00e1 lan\u00e7ada nesta segunda (8), durante a live \u201cMulheres na Ci\u00eancia\u201d: <a href=\"https:\/\/www.ufsm.br\/2021\/03\/08\/nova-edicao-da-revista-estilo-editorial-sera-lancada-nesta-segunda-8-durante-a-live-mulheres-na-ciencia\/\">https:\/\/www.ufsm.br\/2021\/03\/08\/nova-edicao-da-revista-estilo-editorial-sera-lancada-nesta-segunda-8-durante-a-live-mulheres-na-ciencia\/<\/a><\/h4>\n<h4>\u00a0<\/h4>\n<h4 class=\"entry-title text-primary text-center\">Doutoranda Rosane Heck busca tornar alimentos mais saud\u00e1veis por meio da incorpora\u00e7\u00e3o do \u00f4mega 3: <a href=\"_wp_link_placeholder\" data-wplink-edit=\"true\">https:\/\/www.ufsm.br\/2021\/03\/08\/doutoranda-rosane-heck-busca-tornar-alimentos-mais-saudaveis-por-meio-da-incorporacao-do-omega-3\/<\/a><\/h4>\n","protected":false},"excerpt":{"rendered":"<p>A Universidade Federal de Santa Maria(UFSM)\/Coordenadoria de A\u00e7\u00f5es Educacionais(CAEd) parabeniza todas as mulheres pela passagem do Dia Internacional da Mulher e soma-se \u00e0 divulga\u00e7\u00e3o de a\u00e7\u00f5es da UFSM alusivas \u00e0 data.\u00a0 Nova edi\u00e7\u00e3o da revista Estilo Editorial ser\u00e1 lan\u00e7ada nesta segunda (8), durante a live \u201cMulheres na Ci\u00eancia\u201d: https:\/\/www.ufsm.br\/2021\/03\/08\/nova-edicao-da-revista-estilo-editorial-sera-lancada-nesta-segunda-8-durante-a-live-mulheres-na-ciencia\/ \u00a0 Doutoranda Rosane Heck busca tornar [&hellip;]<\/p>\n","protected":false},"author":252,"featured_media":0,"comment_status":"closed","ping_status":"closed","sticky":false,"template":"","format":"standard","meta":{"footnotes":""},"categories":[1],"tags":[],"class_list":["post-3920","post","type-post","status-publish","format-standard","hentry","category-sem-categoria"],"acf":[],"_links":{"self":[{"href":"https:\/\/www.ufsm.br\/pro-reitorias\/prograd\/caed\/wp-json\/wp\/v2\/posts\/3920","targetHints":{"allow":["GET"]}}],"collection":[{"href":"https:\/\/www.ufsm.br\/pro-reitorias\/prograd\/caed\/wp-json\/wp\/v2\/posts"}],"about":[{"href":"https:\/\/www.ufsm.br\/pro-reitorias\/prograd\/caed\/wp-json\/wp\/v2\/types\/post"}],"author":[{"embeddable":true,"href":"https:\/\/www.ufsm.br\/pro-reitorias\/prograd\/caed\/wp-json\/wp\/v2\/users\/252"}],"replies":[{"embeddable":true,"href":"https:\/\/www.ufsm.br\/pro-reitorias\/prograd\/caed\/wp-json\/wp\/v2\/comments?post=3920"}],"version-history":[{"count":0,"href":"https:\/\/www.ufsm.br\/pro-reitorias\/prograd\/caed\/wp-json\/wp\/v2\/posts\/3920\/revisions"}],"wp:attachment":[{"href":"https:\/\/www.ufsm.br\/pro-reitorias\/prograd\/caed\/wp-json\/wp\/v2\/media?parent=3920"}],"wp:term":[{"taxonomy":"category","embeddable":true,"href":"https:\/\/www.ufsm.br\/pro-reitorias\/prograd\/caed\/wp-json\/wp\/v2\/categories?post=3920"},{"taxonomy":"post_tag","embeddable":true,"href":"https:\/\/www.ufsm.br\/pro-reitorias\/prograd\/caed\/wp-json\/wp\/v2\/tags?post=3920"}],"curies":[{"name":"wp","href":"https:\/\/api.w.org\/{rel}","templated":true}]}}