{"id":3921,"date":"2021-03-08T23:06:54","date_gmt":"2021-03-09T02:06:54","guid":{"rendered":"https:\/\/www.ufsm.br\/orgaos-executivos\/caed\/?p=3921"},"modified":"2021-03-08T23:06:55","modified_gmt":"2021-03-09T02:06:55","slug":"elas-na-ciencia-novo-episodio-2","status":"publish","type":"post","link":"https:\/\/www.ufsm.br\/pro-reitorias\/prograd\/caed\/2021\/03\/08\/elas-na-ciencia-novo-episodio-2","title":{"rendered":"&#8220;ELAS NA CI\u00caNCIA&#8221; &#8211; NOVO EPIS\u00d3DIO"},"content":{"rendered":"\n<p>A Universidade Federal de Santa Maria(UFSM)\/Coordenadoria de A\u00e7\u00f5es Educacionais(CAEd) soma-se \u00e0 divulga\u00e7\u00e3o de novo epis\u00f3dio do programa &#8220;ELAS NA CI\u00caNCIA&#8221;.\u00a0<\/p>\n<div>Na \u00faltima quinta-feira, 04 de mar\u00e7o de 2021, foi lan\u00e7ado mais um epis\u00f3dio do Programa Elas na Ci\u00eancia da TV Campus, com a professora Dinara Paix\u00e3o, do Centro de Tecnologia.<\/div>\n<div>\u00a0<\/div>\n<div>O v\u00eddeo pode ser conferido em <a href=\"https:\/\/www.youtube.com\/watch?v=Y5J0wcPnuTw\" target=\"_blank\" rel=\"noopener\" data-saferedirecturl=\"https:\/\/www.google.com\/url?q=https:\/\/www.youtube.com\/watch?v%3DY5J0wcPnuTw&amp;source=gmail&amp;ust=1615333370872000&amp;usg=AFQjCNGu87TK4xegw1R7_nLKnR1NQ90EPw\">&#8220;ELAS NA CI\u00caNCIA&#8221;<\/a>.<\/div>\n<div>\u00a0<\/div>\n","protected":false},"excerpt":{"rendered":"<p>A Universidade Federal de Santa Maria(UFSM)\/Coordenadoria de A\u00e7\u00f5es Educacionais(CAEd) soma-se \u00e0 divulga\u00e7\u00e3o de novo epis\u00f3dio do programa &#8220;ELAS NA CI\u00caNCIA&#8221;.\u00a0 Na \u00faltima quinta-feira, 04 de mar\u00e7o de 2021, foi lan\u00e7ado mais um epis\u00f3dio do Programa Elas na Ci\u00eancia da TV Campus, com a professora Dinara Paix\u00e3o, do Centro de Tecnologia. \u00a0 O v\u00eddeo pode ser [&hellip;]<\/p>\n","protected":false},"author":252,"featured_media":0,"comment_status":"closed","ping_status":"closed","sticky":false,"template":"","format":"standard","meta":{"footnotes":""},"categories":[1],"tags":[],"class_list":["post-3921","post","type-post","status-publish","format-standard","hentry","category-sem-categoria"],"acf":[],"_links":{"self":[{"href":"https:\/\/www.ufsm.br\/pro-reitorias\/prograd\/caed\/wp-json\/wp\/v2\/posts\/3921","targetHints":{"allow":["GET"]}}],"collection":[{"href":"https:\/\/www.ufsm.br\/pro-reitorias\/prograd\/caed\/wp-json\/wp\/v2\/posts"}],"about":[{"href":"https:\/\/www.ufsm.br\/pro-reitorias\/prograd\/caed\/wp-json\/wp\/v2\/types\/post"}],"author":[{"embeddable":true,"href":"https:\/\/www.ufsm.br\/pro-reitorias\/prograd\/caed\/wp-json\/wp\/v2\/users\/252"}],"replies":[{"embeddable":true,"href":"https:\/\/www.ufsm.br\/pro-reitorias\/prograd\/caed\/wp-json\/wp\/v2\/comments?post=3921"}],"version-history":[{"count":0,"href":"https:\/\/www.ufsm.br\/pro-reitorias\/prograd\/caed\/wp-json\/wp\/v2\/posts\/3921\/revisions"}],"wp:attachment":[{"href":"https:\/\/www.ufsm.br\/pro-reitorias\/prograd\/caed\/wp-json\/wp\/v2\/media?parent=3921"}],"wp:term":[{"taxonomy":"category","embeddable":true,"href":"https:\/\/www.ufsm.br\/pro-reitorias\/prograd\/caed\/wp-json\/wp\/v2\/categories?post=3921"},{"taxonomy":"post_tag","embeddable":true,"href":"https:\/\/www.ufsm.br\/pro-reitorias\/prograd\/caed\/wp-json\/wp\/v2\/tags?post=3921"}],"curies":[{"name":"wp","href":"https:\/\/api.w.org\/{rel}","templated":true}]}}