{"id":3922,"date":"2021-03-08T23:12:05","date_gmt":"2021-03-09T02:12:05","guid":{"rendered":"https:\/\/www.ufsm.br\/orgaos-executivos\/caed\/?p=3922"},"modified":"2021-03-08T23:12:07","modified_gmt":"2021-03-09T02:12:07","slug":"simulador-de-cotas-do-sisu","status":"publish","type":"post","link":"https:\/\/www.ufsm.br\/pro-reitorias\/prograd\/caed\/2021\/03\/08\/simulador-de-cotas-do-sisu","title":{"rendered":"SIMULADOR DE COTAS DO SiSU"},"content":{"rendered":"\n<div>A Universidade Federal de Santa Maria(UFSM)\/Coordenadoria de A\u00e7\u00f5es Educacionais(CAEd) soma-se \u00e0 divulga\u00e7\u00e3o do <b>Simulador de Cotas SiSU.<\/b><\/div>\n<div>\u00a0<\/div>\n<div>Neste ano, a Pr\u00f3-Reitoria de Gradua\u00e7\u00e3o(PROGRAD), com apoio da\u00a0 Pr\u00f3-Reitoria de Planejamento (PROPLAN) e do campus de Frederico Westphalen-RS, publicou o <a href=\"https:\/\/www.ufsm.br\/pro-reitorias\/prograd\/sisu\/simulador-de-cotas\/\" target=\"_blank\" rel=\"noopener\" data-saferedirecturl=\"https:\/\/www.google.com\/url?q=https:\/\/www.ufsm.br\/pro-reitorias\/prograd\/sisu\/simulador-de-cotas\/&amp;source=gmail&amp;ust=1615333370872000&amp;usg=AFQjCNFWoC2LEeC6gm-cH52xLWQyI3Qv6g\">Simulador de Cotas<\/a>, que permite aos candidatos ao SiSU simularem em quais cotas podem realizar inscri\u00e7\u00f5es.<\/div>\n<div>\u00a0<\/div>\n<div>Al\u00e9m disso, a TV Campus entrevistou o professor Jer\u00f4nimo Siqueira Tybusch (PROGRAD) sobre o SiSU e o1\u00ba semestre de 2021. O v\u00eddeo da entrevista pode ser conferido em <a href=\"https:\/\/www.youtube.com\/watch?v=6Mkj7l65SmI\" target=\"_blank\" rel=\"noopener\" data-saferedirecturl=\"https:\/\/www.google.com\/url?q=https:\/\/www.youtube.com\/watch?v%3D6Mkj7l65SmI&amp;source=gmail&amp;ust=1615333370872000&amp;usg=AFQjCNEUxC7cp6h2P6Fb-ZSbtPRa2ndTrg\">SiSu UFSM 2021<\/a>.<\/div>\n","protected":false},"excerpt":{"rendered":"<p>A Universidade Federal de Santa Maria(UFSM)\/Coordenadoria de A\u00e7\u00f5es Educacionais(CAEd) soma-se \u00e0 divulga\u00e7\u00e3o do Simulador de Cotas SiSU. \u00a0 Neste ano, a Pr\u00f3-Reitoria de Gradua\u00e7\u00e3o(PROGRAD), com apoio da\u00a0 Pr\u00f3-Reitoria de Planejamento (PROPLAN) e do campus de Frederico Westphalen-RS, publicou o Simulador de Cotas, que permite aos candidatos ao SiSU simularem em quais cotas podem realizar inscri\u00e7\u00f5es. [&hellip;]<\/p>\n","protected":false},"author":252,"featured_media":0,"comment_status":"closed","ping_status":"closed","sticky":false,"template":"","format":"standard","meta":{"footnotes":""},"categories":[1],"tags":[],"class_list":["post-3922","post","type-post","status-publish","format-standard","hentry","category-sem-categoria"],"acf":[],"_links":{"self":[{"href":"https:\/\/www.ufsm.br\/pro-reitorias\/prograd\/caed\/wp-json\/wp\/v2\/posts\/3922","targetHints":{"allow":["GET"]}}],"collection":[{"href":"https:\/\/www.ufsm.br\/pro-reitorias\/prograd\/caed\/wp-json\/wp\/v2\/posts"}],"about":[{"href":"https:\/\/www.ufsm.br\/pro-reitorias\/prograd\/caed\/wp-json\/wp\/v2\/types\/post"}],"author":[{"embeddable":true,"href":"https:\/\/www.ufsm.br\/pro-reitorias\/prograd\/caed\/wp-json\/wp\/v2\/users\/252"}],"replies":[{"embeddable":true,"href":"https:\/\/www.ufsm.br\/pro-reitorias\/prograd\/caed\/wp-json\/wp\/v2\/comments?post=3922"}],"version-history":[{"count":0,"href":"https:\/\/www.ufsm.br\/pro-reitorias\/prograd\/caed\/wp-json\/wp\/v2\/posts\/3922\/revisions"}],"wp:attachment":[{"href":"https:\/\/www.ufsm.br\/pro-reitorias\/prograd\/caed\/wp-json\/wp\/v2\/media?parent=3922"}],"wp:term":[{"taxonomy":"category","embeddable":true,"href":"https:\/\/www.ufsm.br\/pro-reitorias\/prograd\/caed\/wp-json\/wp\/v2\/categories?post=3922"},{"taxonomy":"post_tag","embeddable":true,"href":"https:\/\/www.ufsm.br\/pro-reitorias\/prograd\/caed\/wp-json\/wp\/v2\/tags?post=3922"}],"curies":[{"name":"wp","href":"https:\/\/api.w.org\/{rel}","templated":true}]}}