{"id":3931,"date":"2021-03-19T20:57:11","date_gmt":"2021-03-19T23:57:11","guid":{"rendered":"https:\/\/www.ufsm.br\/orgaos-executivos\/caed\/?p=3931"},"modified":"2021-03-19T20:57:13","modified_gmt":"2021-03-19T23:57:13","slug":"inovacao-alem-do-arco-ensaios-de-inversores-fotovoltaicos","status":"publish","type":"post","link":"https:\/\/www.ufsm.br\/pro-reitorias\/prograd\/caed\/2021\/03\/19\/inovacao-alem-do-arco-ensaios-de-inversores-fotovoltaicos","title":{"rendered":"&#8220;INOVA\u00c7\u00c3O AL\u00c9M DO ARCO&#8221; &#8211; ENSAIOS DE INVERSORES FOTOVOLTAICOS"},"content":{"rendered":"\n<p>A Universidade Federal de Santa Maria(UFSM)\/Coordenadoria de A\u00e7\u00f5es Educacionais(CAEd) soma-se \u00e0 divulga\u00e7\u00e3o da nova temporada do programa Inova\u00e7\u00e3o Al\u00e9m do Arco.\u00a0<\/p>\n<p>Maiores informa\u00e7\u00f5es em <a href=\"https:\/\/www.ufsm.br\/orgaos-executivos\/agittec\/2021\/03\/12\/ensaios-de-inversores-fotovoltaicos-sao-tema-do-primeiro-episodio-da-segunda-temporada-do-inovacao-alem-do-arco\/\">https:\/\/www.ufsm.br\/orgaos-executivos\/agittec\/2021\/03\/12\/ensaios-de-inversores-fotovoltaicos-sao-tema-do-primeiro-episodio-da-segunda-temporada-do-inovacao-alem-do-arco\/<\/a><\/p>\n","protected":false},"excerpt":{"rendered":"<p>A Universidade Federal de Santa Maria(UFSM)\/Coordenadoria de A\u00e7\u00f5es Educacionais(CAEd) soma-se \u00e0 divulga\u00e7\u00e3o da nova temporada do programa Inova\u00e7\u00e3o Al\u00e9m do Arco.\u00a0 Maiores informa\u00e7\u00f5es em https:\/\/www.ufsm.br\/orgaos-executivos\/agittec\/2021\/03\/12\/ensaios-de-inversores-fotovoltaicos-sao-tema-do-primeiro-episodio-da-segunda-temporada-do-inovacao-alem-do-arco\/<\/p>\n","protected":false},"author":252,"featured_media":0,"comment_status":"closed","ping_status":"closed","sticky":false,"template":"","format":"standard","meta":{"footnotes":""},"categories":[1],"tags":[],"class_list":["post-3931","post","type-post","status-publish","format-standard","hentry","category-sem-categoria"],"acf":[],"_links":{"self":[{"href":"https:\/\/www.ufsm.br\/pro-reitorias\/prograd\/caed\/wp-json\/wp\/v2\/posts\/3931","targetHints":{"allow":["GET"]}}],"collection":[{"href":"https:\/\/www.ufsm.br\/pro-reitorias\/prograd\/caed\/wp-json\/wp\/v2\/posts"}],"about":[{"href":"https:\/\/www.ufsm.br\/pro-reitorias\/prograd\/caed\/wp-json\/wp\/v2\/types\/post"}],"author":[{"embeddable":true,"href":"https:\/\/www.ufsm.br\/pro-reitorias\/prograd\/caed\/wp-json\/wp\/v2\/users\/252"}],"replies":[{"embeddable":true,"href":"https:\/\/www.ufsm.br\/pro-reitorias\/prograd\/caed\/wp-json\/wp\/v2\/comments?post=3931"}],"version-history":[{"count":0,"href":"https:\/\/www.ufsm.br\/pro-reitorias\/prograd\/caed\/wp-json\/wp\/v2\/posts\/3931\/revisions"}],"wp:attachment":[{"href":"https:\/\/www.ufsm.br\/pro-reitorias\/prograd\/caed\/wp-json\/wp\/v2\/media?parent=3931"}],"wp:term":[{"taxonomy":"category","embeddable":true,"href":"https:\/\/www.ufsm.br\/pro-reitorias\/prograd\/caed\/wp-json\/wp\/v2\/categories?post=3931"},{"taxonomy":"post_tag","embeddable":true,"href":"https:\/\/www.ufsm.br\/pro-reitorias\/prograd\/caed\/wp-json\/wp\/v2\/tags?post=3931"}],"curies":[{"name":"wp","href":"https:\/\/api.w.org\/{rel}","templated":true}]}}