{"id":3932,"date":"2021-03-19T21:00:31","date_gmt":"2021-03-20T00:00:31","guid":{"rendered":"https:\/\/www.ufsm.br\/orgaos-executivos\/caed\/?p=3932"},"modified":"2021-03-19T21:00:32","modified_gmt":"2021-03-20T00:00:32","slug":"mobilidade-da-comunidade-academica-questionario-disponivel","status":"publish","type":"post","link":"https:\/\/www.ufsm.br\/pro-reitorias\/prograd\/caed\/2021\/03\/19\/mobilidade-da-comunidade-academica-questionario-disponivel","title":{"rendered":"MOBILIDADE DA COMUNIDADE ACAD\u00caMICA &#8211; QUESTION\u00c1RIO DISPON\u00cdVEL"},"content":{"rendered":"\n<p>A Universidade Federal de Santa Maria(UFSM)\/Coordenadoria de A\u00e7\u00f5es Educacionais(CAEd) soma-se \u00e0 divulga\u00e7\u00e3o de pesquisa sobre a mobilidade acad\u00eamica, voltada a auxiliar no planejamento da volta \u00e0s atividades presenciais.\u00a0<\/p>\n<p>Maiores informa\u00e7\u00f5es em <a href=\"https:\/\/www.ufsm.br\/2021\/01\/28\/questionario-sobre-a-mobilidade-da-comunidade-academica-esta-disponivel\/\">https:\/\/www.ufsm.br\/2021\/01\/28\/questionario-sobre-a-mobilidade-da-comunidade-academica-esta-disponivel\/<\/a><\/p>\n","protected":false},"excerpt":{"rendered":"<p>A Universidade Federal de Santa Maria(UFSM)\/Coordenadoria de A\u00e7\u00f5es Educacionais(CAEd) soma-se \u00e0 divulga\u00e7\u00e3o de pesquisa sobre a mobilidade acad\u00eamica, voltada a auxiliar no planejamento da volta \u00e0s atividades presenciais.\u00a0 Maiores informa\u00e7\u00f5es em https:\/\/www.ufsm.br\/2021\/01\/28\/questionario-sobre-a-mobilidade-da-comunidade-academica-esta-disponivel\/<\/p>\n","protected":false},"author":252,"featured_media":0,"comment_status":"closed","ping_status":"closed","sticky":false,"template":"","format":"standard","meta":{"footnotes":""},"categories":[1],"tags":[],"class_list":["post-3932","post","type-post","status-publish","format-standard","hentry","category-sem-categoria"],"acf":[],"_links":{"self":[{"href":"https:\/\/www.ufsm.br\/pro-reitorias\/prograd\/caed\/wp-json\/wp\/v2\/posts\/3932","targetHints":{"allow":["GET"]}}],"collection":[{"href":"https:\/\/www.ufsm.br\/pro-reitorias\/prograd\/caed\/wp-json\/wp\/v2\/posts"}],"about":[{"href":"https:\/\/www.ufsm.br\/pro-reitorias\/prograd\/caed\/wp-json\/wp\/v2\/types\/post"}],"author":[{"embeddable":true,"href":"https:\/\/www.ufsm.br\/pro-reitorias\/prograd\/caed\/wp-json\/wp\/v2\/users\/252"}],"replies":[{"embeddable":true,"href":"https:\/\/www.ufsm.br\/pro-reitorias\/prograd\/caed\/wp-json\/wp\/v2\/comments?post=3932"}],"version-history":[{"count":0,"href":"https:\/\/www.ufsm.br\/pro-reitorias\/prograd\/caed\/wp-json\/wp\/v2\/posts\/3932\/revisions"}],"wp:attachment":[{"href":"https:\/\/www.ufsm.br\/pro-reitorias\/prograd\/caed\/wp-json\/wp\/v2\/media?parent=3932"}],"wp:term":[{"taxonomy":"category","embeddable":true,"href":"https:\/\/www.ufsm.br\/pro-reitorias\/prograd\/caed\/wp-json\/wp\/v2\/categories?post=3932"},{"taxonomy":"post_tag","embeddable":true,"href":"https:\/\/www.ufsm.br\/pro-reitorias\/prograd\/caed\/wp-json\/wp\/v2\/tags?post=3932"}],"curies":[{"name":"wp","href":"https:\/\/api.w.org\/{rel}","templated":true}]}}