{"id":3933,"date":"2021-03-19T21:13:36","date_gmt":"2021-03-20T00:13:36","guid":{"rendered":"https:\/\/www.ufsm.br\/orgaos-executivos\/caed\/?p=3933"},"modified":"2021-03-19T21:13:37","modified_gmt":"2021-03-20T00:13:37","slug":"calendario-academico-ufsm-2021","status":"publish","type":"post","link":"https:\/\/www.ufsm.br\/pro-reitorias\/prograd\/caed\/2021\/03\/19\/calendario-academico-ufsm-2021","title":{"rendered":"CALEND\u00c1RIO ACAD\u00caMICO UFSM &#8211; 2021"},"content":{"rendered":"\n<p>A Universidade Federal de Santa Maria(UFSM)\/Coordenadoria de A\u00e7\u00f5es Educacionais(CAEd) soma-se \u00e0 divulga\u00e7\u00e3o do calend\u00e1rio acad\u00eamico de 2021.<\/p>\n<p>Maiores informa\u00e7\u00f5es em<a href=\"https:\/\/www.ufsm.br\/app\/uploads\/2021\/03\/Calendario_Academico_UFSM_12021_REDE_retificado.pdf\">\u00a0https:\/\/www.ufsm.br\/app\/uploads\/2021\/03\/Calendario_Academico_UFSM_12021_REDE_retificado.pdf<\/a><\/p>\n","protected":false},"excerpt":{"rendered":"<p>A Universidade Federal de Santa Maria(UFSM)\/Coordenadoria de A\u00e7\u00f5es Educacionais(CAEd) soma-se \u00e0 divulga\u00e7\u00e3o do calend\u00e1rio acad\u00eamico de 2021. Maiores informa\u00e7\u00f5es em\u00a0https:\/\/www.ufsm.br\/app\/uploads\/2021\/03\/Calendario_Academico_UFSM_12021_REDE_retificado.pdf<\/p>\n","protected":false},"author":252,"featured_media":0,"comment_status":"closed","ping_status":"closed","sticky":false,"template":"","format":"standard","meta":{"footnotes":""},"categories":[1],"tags":[],"class_list":["post-3933","post","type-post","status-publish","format-standard","hentry","category-sem-categoria"],"acf":[],"_links":{"self":[{"href":"https:\/\/www.ufsm.br\/pro-reitorias\/prograd\/caed\/wp-json\/wp\/v2\/posts\/3933","targetHints":{"allow":["GET"]}}],"collection":[{"href":"https:\/\/www.ufsm.br\/pro-reitorias\/prograd\/caed\/wp-json\/wp\/v2\/posts"}],"about":[{"href":"https:\/\/www.ufsm.br\/pro-reitorias\/prograd\/caed\/wp-json\/wp\/v2\/types\/post"}],"author":[{"embeddable":true,"href":"https:\/\/www.ufsm.br\/pro-reitorias\/prograd\/caed\/wp-json\/wp\/v2\/users\/252"}],"replies":[{"embeddable":true,"href":"https:\/\/www.ufsm.br\/pro-reitorias\/prograd\/caed\/wp-json\/wp\/v2\/comments?post=3933"}],"version-history":[{"count":0,"href":"https:\/\/www.ufsm.br\/pro-reitorias\/prograd\/caed\/wp-json\/wp\/v2\/posts\/3933\/revisions"}],"wp:attachment":[{"href":"https:\/\/www.ufsm.br\/pro-reitorias\/prograd\/caed\/wp-json\/wp\/v2\/media?parent=3933"}],"wp:term":[{"taxonomy":"category","embeddable":true,"href":"https:\/\/www.ufsm.br\/pro-reitorias\/prograd\/caed\/wp-json\/wp\/v2\/categories?post=3933"},{"taxonomy":"post_tag","embeddable":true,"href":"https:\/\/www.ufsm.br\/pro-reitorias\/prograd\/caed\/wp-json\/wp\/v2\/tags?post=3933"}],"curies":[{"name":"wp","href":"https:\/\/api.w.org\/{rel}","templated":true}]}}