{"id":3934,"date":"2021-03-19T21:17:38","date_gmt":"2021-03-20T00:17:38","guid":{"rendered":"https:\/\/www.ufsm.br\/orgaos-executivos\/caed\/?p=3934"},"modified":"2021-03-19T21:17:39","modified_gmt":"2021-03-20T00:17:39","slug":"mes-da-mulher-entrevistas-com-doutorandas-da-ufsm","status":"publish","type":"post","link":"https:\/\/www.ufsm.br\/pro-reitorias\/prograd\/caed\/2021\/03\/19\/mes-da-mulher-entrevistas-com-doutorandas-da-ufsm","title":{"rendered":"M\u00caS DA MULHER &#8211; ENTREVISTAS COM DOUTORANDAS DA UFSM"},"content":{"rendered":"\n<p>A Universidade Federal de Santa Maria(UFSM)\/Coordenadoria de A\u00e7\u00f5es Educacionais(CAEd) soma-se \u00e0 divulga\u00e7\u00e3o de a\u00e7\u00f5es alusivas ao M\u00eas da Mulher, como as entrevistas realizadas com doutorandas da UFSM sobre as pesquisas que realizam.\u00a0<\/p>\n<p>As reportagens podem ser conferidas a seguir:<\/p>\n<div>&#8211;\u00a0<a href=\"https:\/\/www.ufsm.br\/2021\/03\/10\/doutoranda-jessica-croda-avalia-sistemas-agroflorestais-saf-nos-assentamentos-da-reforma-agraria-no-bioma-pampa\/\" target=\"_blank\" rel=\"noopener\" data-saferedirecturl=\"https:\/\/www.google.com\/url?q=https:\/\/www.ufsm.br\/2021\/03\/10\/doutoranda-jessica-croda-avalia-sistemas-agroflorestais-saf-nos-assentamentos-da-reforma-agraria-no-bioma-pampa\/&amp;source=gmail&amp;ust=1616038485775000&amp;usg=AFQjCNGSI17jpMnVO6IqoLaGYwiZcznjxA\">Mat\u00e9ria J\u00e9ssica Croda &#8211; PPG Engenharia Florestal<\/a>.\u00a0<\/div>\n<div>\u00a0<\/div>\n<div>&#8211;\u00a0<a href=\"https:\/\/www.ufsm.br\/2021\/03\/09\/doutoranda-franciele-oliveira-investiga-familias-negras-no-pos-abolicao-em-santa-maria\/\" target=\"_blank\" rel=\"noopener\" data-saferedirecturl=\"https:\/\/www.google.com\/url?q=https:\/\/www.ufsm.br\/2021\/03\/09\/doutoranda-franciele-oliveira-investiga-familias-negras-no-pos-abolicao-em-santa-maria\/&amp;source=gmail&amp;ust=1616038485775000&amp;usg=AFQjCNFIQVlRjcDHcEVfGwKHUaGtBgrMWA\">Mat\u00e9ria Franciele Oliveira &#8211; PPG Hist\u00f3ria<\/a>.\u00a0<\/div>\n<div>\u00a0<\/div>\n<div>&#8211;\u00a0<a href=\"https:\/\/www.ufsm.br\/2021\/03\/08\/doutoranda-rosane-heck-busca-tornar-alimentos-mais-saudaveis-por-meio-da-incorporacao-do-omega-3\/\" target=\"_blank\" rel=\"noopener\" data-saferedirecturl=\"https:\/\/www.google.com\/url?q=https:\/\/www.ufsm.br\/2021\/03\/08\/doutoranda-rosane-heck-busca-tornar-alimentos-mais-saudaveis-por-meio-da-incorporacao-do-omega-3\/&amp;source=gmail&amp;ust=1616038485775000&amp;usg=AFQjCNH-U0tWwlOpH_VkdlRV05mrRez60w\">Mat\u00e9ria Rosane Heck &#8211; PPG Tecnologia de Alimentos<\/a>.\u00a0<\/div>\n","protected":false},"excerpt":{"rendered":"<p>A Universidade Federal de Santa Maria(UFSM)\/Coordenadoria de A\u00e7\u00f5es Educacionais(CAEd) soma-se \u00e0 divulga\u00e7\u00e3o de a\u00e7\u00f5es alusivas ao M\u00eas da Mulher, como as entrevistas realizadas com doutorandas da UFSM sobre as pesquisas que realizam.\u00a0 As reportagens podem ser conferidas a seguir: &#8211;\u00a0Mat\u00e9ria J\u00e9ssica Croda &#8211; PPG Engenharia Florestal.\u00a0 \u00a0 &#8211;\u00a0Mat\u00e9ria Franciele Oliveira &#8211; PPG Hist\u00f3ria.\u00a0 \u00a0 &#8211;\u00a0Mat\u00e9ria [&hellip;]<\/p>\n","protected":false},"author":252,"featured_media":0,"comment_status":"closed","ping_status":"closed","sticky":false,"template":"","format":"standard","meta":{"footnotes":""},"categories":[1],"tags":[],"class_list":["post-3934","post","type-post","status-publish","format-standard","hentry","category-sem-categoria"],"acf":[],"_links":{"self":[{"href":"https:\/\/www.ufsm.br\/pro-reitorias\/prograd\/caed\/wp-json\/wp\/v2\/posts\/3934","targetHints":{"allow":["GET"]}}],"collection":[{"href":"https:\/\/www.ufsm.br\/pro-reitorias\/prograd\/caed\/wp-json\/wp\/v2\/posts"}],"about":[{"href":"https:\/\/www.ufsm.br\/pro-reitorias\/prograd\/caed\/wp-json\/wp\/v2\/types\/post"}],"author":[{"embeddable":true,"href":"https:\/\/www.ufsm.br\/pro-reitorias\/prograd\/caed\/wp-json\/wp\/v2\/users\/252"}],"replies":[{"embeddable":true,"href":"https:\/\/www.ufsm.br\/pro-reitorias\/prograd\/caed\/wp-json\/wp\/v2\/comments?post=3934"}],"version-history":[{"count":0,"href":"https:\/\/www.ufsm.br\/pro-reitorias\/prograd\/caed\/wp-json\/wp\/v2\/posts\/3934\/revisions"}],"wp:attachment":[{"href":"https:\/\/www.ufsm.br\/pro-reitorias\/prograd\/caed\/wp-json\/wp\/v2\/media?parent=3934"}],"wp:term":[{"taxonomy":"category","embeddable":true,"href":"https:\/\/www.ufsm.br\/pro-reitorias\/prograd\/caed\/wp-json\/wp\/v2\/categories?post=3934"},{"taxonomy":"post_tag","embeddable":true,"href":"https:\/\/www.ufsm.br\/pro-reitorias\/prograd\/caed\/wp-json\/wp\/v2\/tags?post=3934"}],"curies":[{"name":"wp","href":"https:\/\/api.w.org\/{rel}","templated":true}]}}