{"id":3935,"date":"2021-03-19T21:23:36","date_gmt":"2021-03-20T00:23:36","guid":{"rendered":"https:\/\/www.ufsm.br\/orgaos-executivos\/caed\/?p=3935"},"modified":"2021-03-19T21:23:37","modified_gmt":"2021-03-20T00:23:37","slug":"elas-na-ciencia-novo-episodio-3","status":"publish","type":"post","link":"https:\/\/www.ufsm.br\/pro-reitorias\/prograd\/caed\/2021\/03\/19\/elas-na-ciencia-novo-episodio-3","title":{"rendered":"&#8220;ELAS NA CI\u00caNCIA&#8221; &#8211; NOVO EPIS\u00d3DIO"},"content":{"rendered":"\n<p>A Universidade Federal de Santa Maria(UFSM)\/Coordenadoria de A\u00e7\u00f5es Educacionais(CAEd) soma-se \u00e0 divulga\u00e7\u00e3o da s\u00e9rie criada pela TV Campus, &#8220;ELAS NA CI\u00caNCIA&#8221;, que entrevista professoras da UFSM sobre suas trajet\u00f3rias na pesquisa. Toda quinta-feira, um novo epis\u00f3dio \u00e9 lan\u00e7ado. O \u00faltimo apresenta a professora Luciane Sanchotene, do Centro de Educa\u00e7\u00e3o F\u00edsica e Desportos (CEFD).\u00a0<\/p>\n<p>O epis\u00f3dio pode ser conferido em <a href=\"https:\/\/www.youtube.com\/watch?v=ZZ-RQuZnJRY\" target=\"_blank\" rel=\"noopener\" data-saferedirecturl=\"https:\/\/www.google.com\/url?q=https:\/\/www.youtube.com\/watch?v%3DZZ-RQuZnJRY&amp;source=gmail&amp;ust=1616038485774000&amp;usg=AFQjCNHVYF3i7KBBjSs1s-bWm1xZaqBUqA\">&#8220;ELAS NA CI\u00caNCIA&#8221; <\/a>.<\/p>\n","protected":false},"excerpt":{"rendered":"<p>A Universidade Federal de Santa Maria(UFSM)\/Coordenadoria de A\u00e7\u00f5es Educacionais(CAEd) soma-se \u00e0 divulga\u00e7\u00e3o da s\u00e9rie criada pela TV Campus, &#8220;ELAS NA CI\u00caNCIA&#8221;, que entrevista professoras da UFSM sobre suas trajet\u00f3rias na pesquisa. Toda quinta-feira, um novo epis\u00f3dio \u00e9 lan\u00e7ado. O \u00faltimo apresenta a professora Luciane Sanchotene, do Centro de Educa\u00e7\u00e3o F\u00edsica e Desportos (CEFD).\u00a0 O epis\u00f3dio [&hellip;]<\/p>\n","protected":false},"author":252,"featured_media":0,"comment_status":"closed","ping_status":"closed","sticky":false,"template":"","format":"standard","meta":{"footnotes":""},"categories":[1],"tags":[],"class_list":["post-3935","post","type-post","status-publish","format-standard","hentry","category-sem-categoria"],"acf":[],"_links":{"self":[{"href":"https:\/\/www.ufsm.br\/pro-reitorias\/prograd\/caed\/wp-json\/wp\/v2\/posts\/3935","targetHints":{"allow":["GET"]}}],"collection":[{"href":"https:\/\/www.ufsm.br\/pro-reitorias\/prograd\/caed\/wp-json\/wp\/v2\/posts"}],"about":[{"href":"https:\/\/www.ufsm.br\/pro-reitorias\/prograd\/caed\/wp-json\/wp\/v2\/types\/post"}],"author":[{"embeddable":true,"href":"https:\/\/www.ufsm.br\/pro-reitorias\/prograd\/caed\/wp-json\/wp\/v2\/users\/252"}],"replies":[{"embeddable":true,"href":"https:\/\/www.ufsm.br\/pro-reitorias\/prograd\/caed\/wp-json\/wp\/v2\/comments?post=3935"}],"version-history":[{"count":0,"href":"https:\/\/www.ufsm.br\/pro-reitorias\/prograd\/caed\/wp-json\/wp\/v2\/posts\/3935\/revisions"}],"wp:attachment":[{"href":"https:\/\/www.ufsm.br\/pro-reitorias\/prograd\/caed\/wp-json\/wp\/v2\/media?parent=3935"}],"wp:term":[{"taxonomy":"category","embeddable":true,"href":"https:\/\/www.ufsm.br\/pro-reitorias\/prograd\/caed\/wp-json\/wp\/v2\/categories?post=3935"},{"taxonomy":"post_tag","embeddable":true,"href":"https:\/\/www.ufsm.br\/pro-reitorias\/prograd\/caed\/wp-json\/wp\/v2\/tags?post=3935"}],"curies":[{"name":"wp","href":"https:\/\/api.w.org\/{rel}","templated":true}]}}