{"id":3937,"date":"2021-03-19T21:35:01","date_gmt":"2021-03-20T00:35:01","guid":{"rendered":"https:\/\/www.ufsm.br\/orgaos-executivos\/caed\/?p=3937"},"modified":"2021-03-19T21:35:02","modified_gmt":"2021-03-20T00:35:02","slug":"elas-na-ciencia-novo-episodio-4","status":"publish","type":"post","link":"https:\/\/www.ufsm.br\/pro-reitorias\/prograd\/caed\/2021\/03\/19\/elas-na-ciencia-novo-episodio-4","title":{"rendered":"&#8220;ELAS NA CI\u00caNCIA&#8221; &#8211; NOVO EPIS\u00d3DIO"},"content":{"rendered":"\n<p>A Universidade Federal de Santa Maria(UFSM)\/Coordenadoria de A\u00e7\u00f5es Educacionais(CAEd) soma-se \u00e0 divulga\u00e7\u00e3o do 6\u00ba epis\u00f3dio da s\u00e9rie &#8220;Elas na Ci\u00eancias&#8221;, com a professora Valeska Fortes de Oliveira, docente do Centro de Educa\u00e7\u00e3o da UFSM.<\/p>\n<p>O epis\u00f3dio pode ser conferido em <a href=\"https:\/\/www.youtube.com\/watch?v=YCu0JJo5I4Y\" target=\"_blank\" rel=\"noopener\" data-saferedirecturl=\"https:\/\/www.google.com\/url?q=https:\/\/www.youtube.com\/watch?v%3DYCu0JJo5I4Y&amp;source=gmail&amp;ust=1616274308457000&amp;usg=AFQjCNHRgSOQ6R3n-0tffQ_T2uI0WPuwnQ\">&#8220;ELAS NA CI\u00caNCIA&#8221;<\/a>.<\/p>\n","protected":false},"excerpt":{"rendered":"<p>A Universidade Federal de Santa Maria(UFSM)\/Coordenadoria de A\u00e7\u00f5es Educacionais(CAEd) soma-se \u00e0 divulga\u00e7\u00e3o do 6\u00ba epis\u00f3dio da s\u00e9rie &#8220;Elas na Ci\u00eancias&#8221;, com a professora Valeska Fortes de Oliveira, docente do Centro de Educa\u00e7\u00e3o da UFSM. O epis\u00f3dio pode ser conferido em &#8220;ELAS NA CI\u00caNCIA&#8221;.<\/p>\n","protected":false},"author":252,"featured_media":0,"comment_status":"closed","ping_status":"closed","sticky":false,"template":"","format":"standard","meta":{"footnotes":""},"categories":[1],"tags":[],"class_list":["post-3937","post","type-post","status-publish","format-standard","hentry","category-sem-categoria"],"acf":[],"_links":{"self":[{"href":"https:\/\/www.ufsm.br\/pro-reitorias\/prograd\/caed\/wp-json\/wp\/v2\/posts\/3937","targetHints":{"allow":["GET"]}}],"collection":[{"href":"https:\/\/www.ufsm.br\/pro-reitorias\/prograd\/caed\/wp-json\/wp\/v2\/posts"}],"about":[{"href":"https:\/\/www.ufsm.br\/pro-reitorias\/prograd\/caed\/wp-json\/wp\/v2\/types\/post"}],"author":[{"embeddable":true,"href":"https:\/\/www.ufsm.br\/pro-reitorias\/prograd\/caed\/wp-json\/wp\/v2\/users\/252"}],"replies":[{"embeddable":true,"href":"https:\/\/www.ufsm.br\/pro-reitorias\/prograd\/caed\/wp-json\/wp\/v2\/comments?post=3937"}],"version-history":[{"count":0,"href":"https:\/\/www.ufsm.br\/pro-reitorias\/prograd\/caed\/wp-json\/wp\/v2\/posts\/3937\/revisions"}],"wp:attachment":[{"href":"https:\/\/www.ufsm.br\/pro-reitorias\/prograd\/caed\/wp-json\/wp\/v2\/media?parent=3937"}],"wp:term":[{"taxonomy":"category","embeddable":true,"href":"https:\/\/www.ufsm.br\/pro-reitorias\/prograd\/caed\/wp-json\/wp\/v2\/categories?post=3937"},{"taxonomy":"post_tag","embeddable":true,"href":"https:\/\/www.ufsm.br\/pro-reitorias\/prograd\/caed\/wp-json\/wp\/v2\/tags?post=3937"}],"curies":[{"name":"wp","href":"https:\/\/api.w.org\/{rel}","templated":true}]}}