{"id":3938,"date":"2021-03-19T21:41:15","date_gmt":"2021-03-20T00:41:15","guid":{"rendered":"https:\/\/www.ufsm.br\/orgaos-executivos\/caed\/?p=3938"},"modified":"2021-03-19T21:42:02","modified_gmt":"2021-03-20T00:42:02","slug":"mulheres-sustentaveis-e-a-agenda-2030-projeto-uma-universidade-meio-ambiente","status":"publish","type":"post","link":"https:\/\/www.ufsm.br\/pro-reitorias\/prograd\/caed\/2021\/03\/19\/mulheres-sustentaveis-e-a-agenda-2030-projeto-uma-universidade-meio-ambiente","title":{"rendered":"MULHERES SUSTENT\u00c1VEIS E A AGENDA 2030 &#8211; PROJETO UMA (UNIVERSIDADE MEIO AMBIENTE)"},"content":{"rendered":"\n<p>A Universidade Federal de Santa Maria(UFSM)\/Coordenadoria de A\u00e7\u00f5es Educacionais(CAEd) soma-se \u00e0 divulga\u00e7\u00e3o do projeto UMA (Universidade Meio Ambiente), que ocorre em parceria com a Pr\u00f3-Reitoria de Extens\u00e3o (PRE).<\/p>\n<p style=\"text-align: left\">Teve in\u00edcio uma s\u00e9rie com publica\u00e7\u00f5es semanais sobre como as mulheres da UFSM desenvolvem projetos que atendem os Objetivos de Desenvolvimento Sustent\u00e1vel da Agenda 2030. O ODS 1 traz Tanice Andreatta, professora do curso de Economia na UFSM, no campus Palmeira das Miss\u00f5es-RS.\u00a0<\/p>\n<p>Maiores informa\u00e7\u00f5es podem ser conferidas em <a href=\"https:\/\/www.ufsm.br\/pro-reitorias\/proinfra\/uma\/2021\/03\/17\/mulheres-no-desenvolvimento-sustentavel-ods-1-tanice-andreatta\/\">https:\/\/www.ufsm.br\/pro-reitorias\/proinfra\/uma\/2021\/03\/17\/mulheres-no-desenvolvimento-sustentavel-ods-1-tanice-andreatta\/<\/a><\/p>\n","protected":false},"excerpt":{"rendered":"<p>A Universidade Federal de Santa Maria(UFSM)\/Coordenadoria de A\u00e7\u00f5es Educacionais(CAEd) soma-se \u00e0 divulga\u00e7\u00e3o do projeto UMA (Universidade Meio Ambiente), que ocorre em parceria com a Pr\u00f3-Reitoria de Extens\u00e3o (PRE). Teve in\u00edcio uma s\u00e9rie com publica\u00e7\u00f5es semanais sobre como as mulheres da UFSM desenvolvem projetos que atendem os Objetivos de Desenvolvimento Sustent\u00e1vel da Agenda 2030. O ODS [&hellip;]<\/p>\n","protected":false},"author":252,"featured_media":0,"comment_status":"closed","ping_status":"closed","sticky":false,"template":"","format":"standard","meta":{"footnotes":""},"categories":[1],"tags":[],"class_list":["post-3938","post","type-post","status-publish","format-standard","hentry","category-sem-categoria"],"acf":[],"_links":{"self":[{"href":"https:\/\/www.ufsm.br\/pro-reitorias\/prograd\/caed\/wp-json\/wp\/v2\/posts\/3938","targetHints":{"allow":["GET"]}}],"collection":[{"href":"https:\/\/www.ufsm.br\/pro-reitorias\/prograd\/caed\/wp-json\/wp\/v2\/posts"}],"about":[{"href":"https:\/\/www.ufsm.br\/pro-reitorias\/prograd\/caed\/wp-json\/wp\/v2\/types\/post"}],"author":[{"embeddable":true,"href":"https:\/\/www.ufsm.br\/pro-reitorias\/prograd\/caed\/wp-json\/wp\/v2\/users\/252"}],"replies":[{"embeddable":true,"href":"https:\/\/www.ufsm.br\/pro-reitorias\/prograd\/caed\/wp-json\/wp\/v2\/comments?post=3938"}],"version-history":[{"count":0,"href":"https:\/\/www.ufsm.br\/pro-reitorias\/prograd\/caed\/wp-json\/wp\/v2\/posts\/3938\/revisions"}],"wp:attachment":[{"href":"https:\/\/www.ufsm.br\/pro-reitorias\/prograd\/caed\/wp-json\/wp\/v2\/media?parent=3938"}],"wp:term":[{"taxonomy":"category","embeddable":true,"href":"https:\/\/www.ufsm.br\/pro-reitorias\/prograd\/caed\/wp-json\/wp\/v2\/categories?post=3938"},{"taxonomy":"post_tag","embeddable":true,"href":"https:\/\/www.ufsm.br\/pro-reitorias\/prograd\/caed\/wp-json\/wp\/v2\/tags?post=3938"}],"curies":[{"name":"wp","href":"https:\/\/api.w.org\/{rel}","templated":true}]}}