{"id":3942,"date":"2021-03-19T21:57:44","date_gmt":"2021-03-20T00:57:44","guid":{"rendered":"https:\/\/www.ufsm.br\/orgaos-executivos\/caed\/?p=3942"},"modified":"2021-03-19T21:57:45","modified_gmt":"2021-03-20T00:57:45","slug":"abertura-de-edital-para-aluno-especial-graduacao-e-pos-graduacao-derca-prograd","status":"publish","type":"post","link":"https:\/\/www.ufsm.br\/pro-reitorias\/prograd\/caed\/2021\/03\/19\/abertura-de-edital-para-aluno-especial-graduacao-e-pos-graduacao-derca-prograd","title":{"rendered":"ABERTURA DE EDITAL PARA ALUNO ESPECIAL &#8211; GRADUA\u00c7\u00c3O E P\u00d3S-GRADUA\u00c7\u00c3O &#8211; DERCA\/PROGRAD"},"content":{"rendered":"\n<p>A Universidade Federal de Santa Maria(UFSM)\/Coordenadoria de A\u00e7\u00f5es Educacionais(CAEd) soma-se \u00e0 divulga\u00e7\u00e3o de edital para aluno especial no 1\u00ba semestre de 2021.\u00a0<\/p>\n<p>Maiores informa\u00e7\u00f5es em:<\/p>\n<p><a href=\"https:\/\/www.ufsm.br\/orgaos-executivos\/derca\/busca\/?q=&amp;sites%5B%5D=51&amp;area=editais&amp;orderby=modified&amp;order=DESC\">https:\/\/www.ufsm.br\/orgaos-executivos\/derca\/busca\/?q=&amp;sites%5B%5D=51&amp;area=editais&amp;orderby=modified&amp;order=DESC<\/a><\/p>\n","protected":false},"excerpt":{"rendered":"<p>A Universidade Federal de Santa Maria(UFSM)\/Coordenadoria de A\u00e7\u00f5es Educacionais(CAEd) soma-se \u00e0 divulga\u00e7\u00e3o de edital para aluno especial no 1\u00ba semestre de 2021.\u00a0 Maiores informa\u00e7\u00f5es em: https:\/\/www.ufsm.br\/orgaos-executivos\/derca\/busca\/?q=&amp;sites%5B%5D=51&amp;area=editais&amp;orderby=modified&amp;order=DESC<\/p>\n","protected":false},"author":252,"featured_media":0,"comment_status":"closed","ping_status":"closed","sticky":false,"template":"","format":"standard","meta":{"footnotes":""},"categories":[1],"tags":[],"class_list":["post-3942","post","type-post","status-publish","format-standard","hentry","category-sem-categoria"],"acf":[],"_links":{"self":[{"href":"https:\/\/www.ufsm.br\/pro-reitorias\/prograd\/caed\/wp-json\/wp\/v2\/posts\/3942","targetHints":{"allow":["GET"]}}],"collection":[{"href":"https:\/\/www.ufsm.br\/pro-reitorias\/prograd\/caed\/wp-json\/wp\/v2\/posts"}],"about":[{"href":"https:\/\/www.ufsm.br\/pro-reitorias\/prograd\/caed\/wp-json\/wp\/v2\/types\/post"}],"author":[{"embeddable":true,"href":"https:\/\/www.ufsm.br\/pro-reitorias\/prograd\/caed\/wp-json\/wp\/v2\/users\/252"}],"replies":[{"embeddable":true,"href":"https:\/\/www.ufsm.br\/pro-reitorias\/prograd\/caed\/wp-json\/wp\/v2\/comments?post=3942"}],"version-history":[{"count":0,"href":"https:\/\/www.ufsm.br\/pro-reitorias\/prograd\/caed\/wp-json\/wp\/v2\/posts\/3942\/revisions"}],"wp:attachment":[{"href":"https:\/\/www.ufsm.br\/pro-reitorias\/prograd\/caed\/wp-json\/wp\/v2\/media?parent=3942"}],"wp:term":[{"taxonomy":"category","embeddable":true,"href":"https:\/\/www.ufsm.br\/pro-reitorias\/prograd\/caed\/wp-json\/wp\/v2\/categories?post=3942"},{"taxonomy":"post_tag","embeddable":true,"href":"https:\/\/www.ufsm.br\/pro-reitorias\/prograd\/caed\/wp-json\/wp\/v2\/tags?post=3942"}],"curies":[{"name":"wp","href":"https:\/\/api.w.org\/{rel}","templated":true}]}}