{"id":3943,"date":"2021-03-19T22:01:53","date_gmt":"2021-03-20T01:01:53","guid":{"rendered":"https:\/\/www.ufsm.br\/orgaos-executivos\/caed\/?p=3943"},"modified":"2021-03-19T22:01:54","modified_gmt":"2021-03-20T01:01:54","slug":"simulador-de-cotas-interativo-sisu-2021","status":"publish","type":"post","link":"https:\/\/www.ufsm.br\/pro-reitorias\/prograd\/caed\/2021\/03\/19\/simulador-de-cotas-interativo-sisu-2021","title":{"rendered":"SIMULADOR DE COTAS INTERATIVO &#8211; SiSU 2021"},"content":{"rendered":"\n<p>A Universidade Federal de Santa Maria(UFSM)\/Coordenadoria de A\u00e7\u00f5es Educacionais(CAEd) soma-se \u00e0 divulga\u00e7\u00e3o de simulador interativo de cotas, para o Sistema de Sele\u00e7\u00e3o Unificada (SiSU).\u00a0<\/p>\n<p>Maiores informa\u00e7\u00f5es em\u00a0<a href=\"https:\/\/www.ufsm.br\/2021\/03\/18\/ufsm-desenvolve-simulador-de-cotas-interativo-para-o-sisu\/\">https:\/\/www.ufsm.br\/2021\/03\/18\/ufsm-desenvolve-simulador-de-cotas-interativo-para-o-sisu\/<\/a><\/p>\n","protected":false},"excerpt":{"rendered":"<p>A Universidade Federal de Santa Maria(UFSM)\/Coordenadoria de A\u00e7\u00f5es Educacionais(CAEd) soma-se \u00e0 divulga\u00e7\u00e3o de simulador interativo de cotas, para o Sistema de Sele\u00e7\u00e3o Unificada (SiSU).\u00a0 Maiores informa\u00e7\u00f5es em\u00a0https:\/\/www.ufsm.br\/2021\/03\/18\/ufsm-desenvolve-simulador-de-cotas-interativo-para-o-sisu\/<\/p>\n","protected":false},"author":252,"featured_media":0,"comment_status":"closed","ping_status":"closed","sticky":false,"template":"","format":"standard","meta":{"footnotes":""},"categories":[1],"tags":[],"class_list":["post-3943","post","type-post","status-publish","format-standard","hentry","category-sem-categoria"],"acf":[],"_links":{"self":[{"href":"https:\/\/www.ufsm.br\/pro-reitorias\/prograd\/caed\/wp-json\/wp\/v2\/posts\/3943","targetHints":{"allow":["GET"]}}],"collection":[{"href":"https:\/\/www.ufsm.br\/pro-reitorias\/prograd\/caed\/wp-json\/wp\/v2\/posts"}],"about":[{"href":"https:\/\/www.ufsm.br\/pro-reitorias\/prograd\/caed\/wp-json\/wp\/v2\/types\/post"}],"author":[{"embeddable":true,"href":"https:\/\/www.ufsm.br\/pro-reitorias\/prograd\/caed\/wp-json\/wp\/v2\/users\/252"}],"replies":[{"embeddable":true,"href":"https:\/\/www.ufsm.br\/pro-reitorias\/prograd\/caed\/wp-json\/wp\/v2\/comments?post=3943"}],"version-history":[{"count":0,"href":"https:\/\/www.ufsm.br\/pro-reitorias\/prograd\/caed\/wp-json\/wp\/v2\/posts\/3943\/revisions"}],"wp:attachment":[{"href":"https:\/\/www.ufsm.br\/pro-reitorias\/prograd\/caed\/wp-json\/wp\/v2\/media?parent=3943"}],"wp:term":[{"taxonomy":"category","embeddable":true,"href":"https:\/\/www.ufsm.br\/pro-reitorias\/prograd\/caed\/wp-json\/wp\/v2\/categories?post=3943"},{"taxonomy":"post_tag","embeddable":true,"href":"https:\/\/www.ufsm.br\/pro-reitorias\/prograd\/caed\/wp-json\/wp\/v2\/tags?post=3943"}],"curies":[{"name":"wp","href":"https:\/\/api.w.org\/{rel}","templated":true}]}}