{"id":3944,"date":"2021-03-19T22:18:39","date_gmt":"2021-03-20T01:18:39","guid":{"rendered":"https:\/\/www.ufsm.br\/orgaos-executivos\/caed\/?p=3944"},"modified":"2021-03-19T22:19:57","modified_gmt":"2021-03-20T01:19:57","slug":"projeto-resilieight-entrevista-no-jornal-zero-hora","status":"publish","type":"post","link":"https:\/\/www.ufsm.br\/pro-reitorias\/prograd\/caed\/2021\/03\/19\/projeto-resilieight-entrevista-no-jornal-zero-hora","title":{"rendered":"PROJETO RESILIEIGHT &#8211; ENTREVISTA COM O M\u00c9DICO PSIQUIATRA VITOR CRESTANI CALEGARO NO JORNAL ZERO HORA"},"content":{"rendered":"\n<p>A Universidade Federal de Santa Maria (UFSM)\/Coordenadoria de A\u00e7\u00f5es Educacionais(CAEd) divulga entrevista que contou com a participa\u00e7\u00e3o do m\u00e9dico psiquiatra Vitor Crestani Calegaro, no jornal Zero Hora, sobre resili\u00eancia em tempos de pandemia, incluindo o projeto RESILIEIGHT.\u00a0<\/p>\n<p>A reportagem pode ser conferida em <a href=\"https:\/\/gauchazh.clicrbs.com.br\/saude\/noticia\/2021\/03\/confira-os-oito-passos-para-manter-a-resiliencia-em-tempos-de-pandemia-ckmgoxd8l002u0198s2cdu5zu.html\">https:\/\/gauchazh.clicrbs.com.br\/saude\/noticia\/2021\/03\/confira-os-oito-passos-para-manter-a-resiliencia-em-tempos-de-pandemia-ckmgoxd8l002u0198s2cdu5zu.html<\/a><\/p>\n","protected":false},"excerpt":{"rendered":"<p>A Universidade Federal de Santa Maria (UFSM)\/Coordenadoria de A\u00e7\u00f5es Educacionais(CAEd) divulga entrevista que contou com a participa\u00e7\u00e3o do m\u00e9dico psiquiatra Vitor Crestani Calegaro, no jornal Zero Hora, sobre resili\u00eancia em tempos de pandemia, incluindo o projeto RESILIEIGHT.\u00a0 A reportagem pode ser conferida em https:\/\/gauchazh.clicrbs.com.br\/saude\/noticia\/2021\/03\/confira-os-oito-passos-para-manter-a-resiliencia-em-tempos-de-pandemia-ckmgoxd8l002u0198s2cdu5zu.html<\/p>\n","protected":false},"author":252,"featured_media":0,"comment_status":"closed","ping_status":"closed","sticky":false,"template":"","format":"standard","meta":{"footnotes":""},"categories":[1],"tags":[],"class_list":["post-3944","post","type-post","status-publish","format-standard","hentry","category-sem-categoria"],"acf":[],"_links":{"self":[{"href":"https:\/\/www.ufsm.br\/pro-reitorias\/prograd\/caed\/wp-json\/wp\/v2\/posts\/3944","targetHints":{"allow":["GET"]}}],"collection":[{"href":"https:\/\/www.ufsm.br\/pro-reitorias\/prograd\/caed\/wp-json\/wp\/v2\/posts"}],"about":[{"href":"https:\/\/www.ufsm.br\/pro-reitorias\/prograd\/caed\/wp-json\/wp\/v2\/types\/post"}],"author":[{"embeddable":true,"href":"https:\/\/www.ufsm.br\/pro-reitorias\/prograd\/caed\/wp-json\/wp\/v2\/users\/252"}],"replies":[{"embeddable":true,"href":"https:\/\/www.ufsm.br\/pro-reitorias\/prograd\/caed\/wp-json\/wp\/v2\/comments?post=3944"}],"version-history":[{"count":0,"href":"https:\/\/www.ufsm.br\/pro-reitorias\/prograd\/caed\/wp-json\/wp\/v2\/posts\/3944\/revisions"}],"wp:attachment":[{"href":"https:\/\/www.ufsm.br\/pro-reitorias\/prograd\/caed\/wp-json\/wp\/v2\/media?parent=3944"}],"wp:term":[{"taxonomy":"category","embeddable":true,"href":"https:\/\/www.ufsm.br\/pro-reitorias\/prograd\/caed\/wp-json\/wp\/v2\/categories?post=3944"},{"taxonomy":"post_tag","embeddable":true,"href":"https:\/\/www.ufsm.br\/pro-reitorias\/prograd\/caed\/wp-json\/wp\/v2\/tags?post=3944"}],"curies":[{"name":"wp","href":"https:\/\/api.w.org\/{rel}","templated":true}]}}