{"id":3945,"date":"2021-03-22T15:33:51","date_gmt":"2021-03-22T18:33:51","guid":{"rendered":"https:\/\/www.ufsm.br\/orgaos-executivos\/caed\/?p=3945"},"modified":"2021-03-22T15:41:09","modified_gmt":"2021-03-22T18:41:09","slug":"edital-01-2021-lista-d0as-candidatoas-classificadoas-apos-a-avaliacao-dos-curriculos","status":"publish","type":"post","link":"https:\/\/www.ufsm.br\/pro-reitorias\/prograd\/caed\/2021\/03\/22\/edital-01-2021-lista-d0as-candidatoas-classificadoas-apos-a-avaliacao-dos-curriculos","title":{"rendered":"EDITAL 01\/2021 &#8211; LISTA D0(A)S CANDIDATO(A)S CLASSIFICADO(A)S AP\u00d3S A AVALIA\u00c7AO DOS CURR\u00cdCULOS"},"content":{"rendered":"\n<p>A Universidade Federal de Santa Maria(UFSM)\/Coordenadoria de A\u00e7\u00f5es Educacionais(CAEd) divulga a lista do(a)s candidato(a)s selecionado(a)s na primeira etapa do Edital 001\/2021, do Projeto Redes de Aprendizagem, para bolsistas da p\u00f3s-gradua\u00e7\u00e3o.<\/p>\n<p>A primeira etapa \u00e9 relativa \u00e0 avalia\u00e7\u00e3o de curr\u00edculos.<\/p>\n<p><a href=\"https:\/\/www.ufsm.br\/app\/uploads\/sites\/391\/2021\/03\/CANDIDATOS-SELECIONADOS-PRIMEIRA-ETAPA.pdf\">CANDIDATO(A)S SELECIONADO(A)S &#8211; PRIMEIRA ETAPA<\/a><\/p>\n","protected":false},"excerpt":{"rendered":"<p>A Universidade Federal de Santa Maria(UFSM)\/Coordenadoria de A\u00e7\u00f5es Educacionais(CAEd) divulga a lista do(a)s candidato(a)s selecionado(a)s na primeira etapa do Edital 001\/2021, do Projeto Redes de Aprendizagem, para bolsistas da p\u00f3s-gradua\u00e7\u00e3o. A primeira etapa \u00e9 relativa \u00e0 avalia\u00e7\u00e3o de curr\u00edculos. CANDIDATO(A)S SELECIONADO(A)S &#8211; PRIMEIRA ETAPA<\/p>\n","protected":false},"author":252,"featured_media":0,"comment_status":"closed","ping_status":"closed","sticky":false,"template":"","format":"standard","meta":{"footnotes":""},"categories":[1],"tags":[],"class_list":["post-3945","post","type-post","status-publish","format-standard","hentry","category-sem-categoria"],"acf":[],"_links":{"self":[{"href":"https:\/\/www.ufsm.br\/pro-reitorias\/prograd\/caed\/wp-json\/wp\/v2\/posts\/3945","targetHints":{"allow":["GET"]}}],"collection":[{"href":"https:\/\/www.ufsm.br\/pro-reitorias\/prograd\/caed\/wp-json\/wp\/v2\/posts"}],"about":[{"href":"https:\/\/www.ufsm.br\/pro-reitorias\/prograd\/caed\/wp-json\/wp\/v2\/types\/post"}],"author":[{"embeddable":true,"href":"https:\/\/www.ufsm.br\/pro-reitorias\/prograd\/caed\/wp-json\/wp\/v2\/users\/252"}],"replies":[{"embeddable":true,"href":"https:\/\/www.ufsm.br\/pro-reitorias\/prograd\/caed\/wp-json\/wp\/v2\/comments?post=3945"}],"version-history":[{"count":0,"href":"https:\/\/www.ufsm.br\/pro-reitorias\/prograd\/caed\/wp-json\/wp\/v2\/posts\/3945\/revisions"}],"wp:attachment":[{"href":"https:\/\/www.ufsm.br\/pro-reitorias\/prograd\/caed\/wp-json\/wp\/v2\/media?parent=3945"}],"wp:term":[{"taxonomy":"category","embeddable":true,"href":"https:\/\/www.ufsm.br\/pro-reitorias\/prograd\/caed\/wp-json\/wp\/v2\/categories?post=3945"},{"taxonomy":"post_tag","embeddable":true,"href":"https:\/\/www.ufsm.br\/pro-reitorias\/prograd\/caed\/wp-json\/wp\/v2\/tags?post=3945"}],"curies":[{"name":"wp","href":"https:\/\/api.w.org\/{rel}","templated":true}]}}