{"id":3950,"date":"2021-03-24T14:38:52","date_gmt":"2021-03-24T17:38:52","guid":{"rendered":"https:\/\/www.ufsm.br\/orgaos-executivos\/caed\/?p=3950"},"modified":"2021-03-26T22:59:31","modified_gmt":"2021-03-27T01:59:31","slug":"edital-001-2021-cronograma-de-entrevistas","status":"publish","type":"post","link":"https:\/\/www.ufsm.br\/pro-reitorias\/prograd\/caed\/2021\/03\/24\/edital-001-2021-cronograma-de-entrevistas","title":{"rendered":"Edital 001\/2021 &#8211; CRONOGRAMA DE ENTREVISTAS &#8211; RETIFICA\u00c7\u00c3O"},"content":{"rendered":"\n<p>A Universidade Federal de Santa Maria(UFSM)\/Coordenadoria de A\u00e7\u00f5es Educacionais(CAEd) divulga, em anexo, o cronograma de entrevistas do Edital 001\/2021<\/p>\n<p><strong>O link da entrevista ser\u00e1 enviado por e-mail.<\/strong><\/p>\n<p>Retifica\u00e7\u00e3o: em rela\u00e7\u00e3o ao cronograma anterior, retificamos a \u00e1rea do edital da candidata Bibianna da Silva Ferr\u00e3o, sendo que a \u00e1rea correta \u00e9 a de Libras.<\/p>\n<p><a href=\"https:\/\/www.ufsm.br\/app\/uploads\/sites\/391\/2021\/03\/CRONOGRAMA-DE-ENTREVISTAS-2.pdf\">CRONOGRAMA DE ENTREVISTAS<\/a><\/p>\n","protected":false},"excerpt":{"rendered":"<p>A Universidade Federal de Santa Maria(UFSM)\/Coordenadoria de A\u00e7\u00f5es Educacionais(CAEd) divulga, em anexo, o cronograma de entrevistas do Edital 001\/2021 O link da entrevista ser\u00e1 enviado por e-mail. Retifica\u00e7\u00e3o: em rela\u00e7\u00e3o ao cronograma anterior, retificamos a \u00e1rea do edital da candidata Bibianna da Silva Ferr\u00e3o, sendo que a \u00e1rea correta \u00e9 a de Libras. CRONOGRAMA DE [&hellip;]<\/p>\n","protected":false},"author":252,"featured_media":0,"comment_status":"closed","ping_status":"closed","sticky":false,"template":"","format":"standard","meta":{"footnotes":""},"categories":[1],"tags":[],"class_list":["post-3950","post","type-post","status-publish","format-standard","hentry","category-sem-categoria"],"acf":[],"_links":{"self":[{"href":"https:\/\/www.ufsm.br\/pro-reitorias\/prograd\/caed\/wp-json\/wp\/v2\/posts\/3950","targetHints":{"allow":["GET"]}}],"collection":[{"href":"https:\/\/www.ufsm.br\/pro-reitorias\/prograd\/caed\/wp-json\/wp\/v2\/posts"}],"about":[{"href":"https:\/\/www.ufsm.br\/pro-reitorias\/prograd\/caed\/wp-json\/wp\/v2\/types\/post"}],"author":[{"embeddable":true,"href":"https:\/\/www.ufsm.br\/pro-reitorias\/prograd\/caed\/wp-json\/wp\/v2\/users\/252"}],"replies":[{"embeddable":true,"href":"https:\/\/www.ufsm.br\/pro-reitorias\/prograd\/caed\/wp-json\/wp\/v2\/comments?post=3950"}],"version-history":[{"count":0,"href":"https:\/\/www.ufsm.br\/pro-reitorias\/prograd\/caed\/wp-json\/wp\/v2\/posts\/3950\/revisions"}],"wp:attachment":[{"href":"https:\/\/www.ufsm.br\/pro-reitorias\/prograd\/caed\/wp-json\/wp\/v2\/media?parent=3950"}],"wp:term":[{"taxonomy":"category","embeddable":true,"href":"https:\/\/www.ufsm.br\/pro-reitorias\/prograd\/caed\/wp-json\/wp\/v2\/categories?post=3950"},{"taxonomy":"post_tag","embeddable":true,"href":"https:\/\/www.ufsm.br\/pro-reitorias\/prograd\/caed\/wp-json\/wp\/v2\/tags?post=3950"}],"curies":[{"name":"wp","href":"https:\/\/api.w.org\/{rel}","templated":true}]}}